{"id":4110,"date":"2024-05-28T21:14:38","date_gmt":"2024-05-28T21:14:38","guid":{"rendered":"https:\/\/politicapatagonica.com\/?p=4110"},"modified":"2024-05-28T21:14:39","modified_gmt":"2024-05-28T21:14:39","slug":"amparo-colectivo-por-el-gas-en-tierra-del-fuego-a-favor-de-la-gente","status":"publish","type":"post","link":"https:\/\/politicapatagonica.com\/index.php\/2024\/05\/28\/amparo-colectivo-por-el-gas-en-tierra-del-fuego-a-favor-de-la-gente\/","title":{"rendered":"Amparo colectivo por el gas en Tierra del Fuego, a favor de la gente"},"content":{"rendered":"\n<p>Melella previ\u00f3 que\u00a0<strong>\u201cseguramente desde la Secretar\u00eda de Energ\u00eda y la empresa lo van a apelar, pero hay que seguir dando la pelea. Porque si quer\u00edan cortar el suministro, es m\u00e1s grave todav\u00eda\u201d.<\/strong><\/p>\n\n\n\n<p>Asimismo, entendi\u00f3 que\u00a0\u201c<strong>la soluci\u00f3n no es que el Estado subsidie el aumento brutal. No es justo que paguemos con los recursos de todos las grandes ganancias de una empresa.<\/strong> Que, adem\u00e1s, no ha hecho grandes inversiones\u201d.<\/p>\n\n\n\n<p>El Gobernador enfatiz\u00f3 en que\u00a0\u201cel gran deseo es que la Justicia falle a favor de nuestra gente. <strong>Hay que discutir las tarifas, pero de forma equilibrada.\u00a0Lo que hicieron la Secretar\u00eda de Energ\u00eda y Camuzzi es una brutalidad. Fue m\u00e1s del mil por ciento de aumento\u201d.<\/strong><\/p>\n\n\n\n<p>\u201cEs un amparo de todos y gracias a Dios se fren\u00f3 por un mes o un tiempito.\u00a0<strong>Espero que la Justicia Federal falle en favor de la gente. Ser\u00e1 impagable y luego vendr\u00e1n con los cortes. Se genera violencia, porque es violento\u201d, insisti\u00f3.<\/strong><\/p>\n\n\n\n<p>En esta l\u00ednea,&nbsp;el mandatario provincial confirm\u00f3 el pago del aguinaldo en una cuota y coment\u00f3 que se abrir\u00e1 \u201cla mesa salarial y quiz\u00e1s haya alg\u00fan aumento para junio, pero muy peque\u00f1o, porque estamos focalizando todo en el SAC.&nbsp;Estos incrementos vuelven a la econom\u00eda. Como siempre digo. Quiz\u00e1s nos sea algo que deje felices a todos. Pero era algo que no iba a estar, ahora se pudo y habr\u00e1 algo\u201d.<\/p>\n\n\n\n<p>Sobre los esfuerzos de la Provincia, el Gobernador expres\u00f3 que sostienen \u201clos programas alimentarios. Ahora Adriana Chapper\u00f3n y Francisco anunciar\u00e1n un nuevo sistema, porque hay que hacer cambios\u201d.<\/p>\n\n\n\n<p><strong>\u201cSeguimos acompa\u00f1ando con el subsidio del gas. Buscamos continuar con obras que paraliz\u00f3 Naci\u00f3n. Buscamos inversiones serias y responsables. Tratamos de ayudar a los privados con sus proyectos.<\/strong> Es cierto que bajaron los recursos de Buenos Aires. Tambi\u00e9n es cierto que al bajar el consumo y la producci\u00f3n, bajan los recursos. Cada d\u00eda se pone m\u00e1s complicada la situaci\u00f3n\u201d, precis\u00f3.<\/p>\n\n\n\n<p><strong>\u201cLegalmente no se puede, es cierto, pero lo hacemos igual \u00bfVamos a dejar que no tengan medicamentos? No jodamos\u201d,<\/strong> sentenci\u00f3.<\/p>\n\n\n\n<p>Adem\u00e1s, advirti\u00f3 que \u201chay que dar respuestas y todo sale de los mismos lados. Por eso\u00a0pedimos solidaridad de todos los sectores. Porque a muchos les va muy bien y siguen especulando<strong>. Son empresarios de la provincia, due\u00f1os de viviendas y contin\u00faan alquilando a precios exorbitantes. Critican al Estado, pero viven del Estado y con los incentivos del Estado. Por eso pedimos una mirada m\u00e1s solidaria\u201d.<\/strong><\/p>\n\n\n\n<p>Tambi\u00e9n aclar\u00f3 que \u201ca la gran mayor\u00eda de las respuestas las da el Estado. Cuando critican, ni saben lo que el Estado hace para sostener. <strong>De 300 casos de tratamientos oncol\u00f3gicos, pasamos a 900, porque los que ten\u00edan una obra social se pasaron al sistema estatal.<\/strong> Los due\u00f1os de esos laboratorios piden el pago anticipado y cobran cada vez m\u00e1s\u201d.<\/p>\n\n\n\n<p>\u201cHoy hay una recarga en el sistema p\u00fablico de salud. El Estado es el que despu\u00e9s contiene. Hay gente que quema sus ahorros, no les alcanza su salario o pierden sus empleos. Hay que ser responsables, cuidar el trabajo y valorarlo mucho\u201d,\u00a0cerr\u00f3.\u00a0<\/p>\n\n\n\n<p><strong>Fuente: sur54.com<\/strong><\/p>\n","protected":false},"excerpt":{"rendered":"<p>Melella previ\u00f3 que\u00a0\u201cseguramente desde la Secretar\u00eda de Energ\u00eda y la empresa lo van a apelar, pero hay que seguir dando la pelea. Porque si quer\u00edan cortar el suministro, es m\u00e1s grave todav\u00eda\u201d. Asimismo, entendi\u00f3 que\u00a0\u201cla soluci\u00f3n no es que el Estado subsidie el aumento brutal. No es justo que paguemos con los recursos de todos [&hellip;]<\/p>\n","protected":false},"author":5,"featured_media":4111,"comment_status":"open","ping_status":"open","sticky":false,"template":"","format":"standard","meta":[],"categories":[11],"tags":[],"_links":{"self":[{"href":"https:\/\/politicapatagonica.com\/index.php\/wp-json\/wp\/v2\/posts\/4110"}],"collection":[{"href":"https:\/\/politicapatagonica.com\/index.php\/wp-json\/wp\/v2\/posts"}],"about":[{"href":"https:\/\/politicapatagonica.com\/index.php\/wp-json\/wp\/v2\/types\/post"}],"author":[{"embeddable":true,"href":"https:\/\/politicapatagonica.com\/index.php\/wp-json\/wp\/v2\/users\/5"}],"replies":[{"embeddable":true,"href":"https:\/\/politicapatagonica.com\/index.php\/wp-json\/wp\/v2\/comments?post=4110"}],"version-history":[{"count":1,"href":"https:\/\/politicapatagonica.com\/index.php\/wp-json\/wp\/v2\/posts\/4110\/revisions"}],"predecessor-version":[{"id":4112,"href":"https:\/\/politicapatagonica.com\/index.php\/wp-json\/wp\/v2\/posts\/4110\/revisions\/4112"}],"wp:featuredmedia":[{"embeddable":true,"href":"https:\/\/politicapatagonica.com\/index.php\/wp-json\/wp\/v2\/media\/4111"}],"wp:attachment":[{"href":"https:\/\/politicapatagonica.com\/index.php\/wp-json\/wp\/v2\/media?parent=4110"}],"wp:term":[{"taxonomy":"category","embeddable":true,"href":"https:\/\/politicapatagonica.com\/index.php\/wp-json\/wp\/v2\/categories?post=4110"},{"taxonomy":"post_tag","embeddable":true,"href":"https:\/\/politicapatagonica.com\/index.php\/wp-json\/wp\/v2\/tags?post=4110"}],"curies":[{"name":"wp","href":"https:\/\/api.w.org\/{rel}","templated":true}]}}