{"id":4104,"date":"2024-05-27T22:15:45","date_gmt":"2024-05-27T22:15:45","guid":{"rendered":"https:\/\/politicapatagonica.com\/?p=4104"},"modified":"2024-05-27T22:15:46","modified_gmt":"2024-05-27T22:15:46","slug":"pablo-grasso-viajara-a-rusia-para-la-creacion-de-una-red-de-municipios-de-los-brics","status":"publish","type":"post","link":"https:\/\/politicapatagonica.com\/index.php\/2024\/05\/27\/pablo-grasso-viajara-a-rusia-para-la-creacion-de-una-red-de-municipios-de-los-brics\/","title":{"rendered":"Pablo Grasso viajar\u00e1 a Rusia para la creaci\u00f3n de una red de municipios de los BRICS"},"content":{"rendered":"\n<p>Este lunes, el intendente de R\u00edo Gallegos,\u00a0<strong>Pablo Grasso<\/strong>, anunci\u00f3 que tiene en agenda un viaje a la<strong>\u00a0Federaci\u00f3n Rusia<\/strong>\u00a0para la creaci\u00f3n de la \u201c<strong>Asociaci\u00f3n de Ciudades y Municipios BRICS+<\/strong>\u201c.<\/p>\n\n\n\n<p>Se trata del foro pol\u00edtico y econ\u00f3mico de pa\u00edses emergentes conformado inicialmente por&nbsp;<strong>Brasil, Rusia, India, China y Sud\u00e1frica<\/strong>, e incorporaron recientemente a&nbsp;<strong>Egipto, Ir\u00e1n, Emiratos \u00c1rabes Unidos, Arabia Saudita y Etiop\u00eda<\/strong>. En esta \u00faltima incorporaci\u00f3n estaba tambi\u00e9n incluida la&nbsp;<strong>Argentina<\/strong>, pero una vez asumido&nbsp;<strong>Javier Milei<\/strong>&nbsp;en la Presidencia, el Gobierno argentino rechaz\u00f3 la invitaci\u00f3n y se qued\u00f3 fuera del grupo.<\/p>\n\n\n\n<p>\u201cAgradezco a mis pares de la\u00a0<strong>Federaci\u00f3n Argentina de Municipios (FAM)<\/strong>\u00a0por la invitaci\u00f3n a viajar a Rusia para participar de la creaci\u00f3n de la Asociaci\u00f3n de Ciudades y Municipios BRICS+ en representaci\u00f3n de los Intendentes de Argentina\u201c, escribi\u00f3 el jefe comunal de la capital santacruce\u00f1a en su cuenta de X.<\/p>\n\n\n\n<p>Y agreg\u00f3: \u201cLa iniciativa tiene el objetivo de fortalecer los v\u00ednculos intermunicipales, promover la inclusi\u00f3n del aspecto local del desarrollo en las agendas globales, buscando nuevas herramientas para nuestros vecinos\u201d.<\/p>\n\n\n\n<p>El encuentro se dar\u00eda en el marco de la&nbsp;<strong>16\u00b0 Cumbre de los BRICS<\/strong>, que tendr\u00e1 lugar en la ciudad de&nbsp;<strong>Kaz\u00e1n<\/strong>, en la Rep\u00fablica de Tartarist\u00e1n de la Federaci\u00f3n Rusa en&nbsp;<strong>octubre<\/strong>&nbsp;de este a\u00f1o.<\/p>\n\n\n\n<p>Pese a la negativa del Gobierno de\u00a0<strong>Milei<\/strong>\u00a0para ingresar al grupo de potencias emergentes, debido estricto alineamiento de la administraci\u00f3n libertaria con\u00a0<strong>Estados Unidos e Israel<\/strong>, los Estados subnacionales tienen la posibilidad de participar de foros y organismos internacionales. Por este motivo, la provincia de Tierra del Fuego fue la primera en tomar la iniciativa para avanzar en el v\u00ednculo con los BRICS y en diciembre del 2023 anunci\u00f3 su inter\u00e9s de adherir al grupo.<\/p>\n\n\n\n<p>A trav\u00e9s de sus redes sociales,&nbsp;<strong>Andr\u00e9s Dachary<\/strong>, secretario de Malvinas, Ant\u00e1rtida, Islas del Atl\u00e1ntico Sur y Asuntos Internacionales&nbsp; fueguino, afirm\u00f3 que hab\u00edan \u201ctomado la decisi\u00f3n de solicitar el ingreso como provincia adherente al bloque de los BRICS, impulsando la creaci\u00f3n de una red de regiones de los Estados que lo componen\u201c.<\/p>\n\n\n\n<p>El funcionario se\u00f1al\u00f3 que \u201cmotiva esta decisi\u00f3n las oportunidades y beneficios econ\u00f3micos y comerciales que significar\u00e1n para todas y todos los fueguinos formar parte del grupo de pa\u00edses que representan el\u00a0<strong>25% del PIB mundial<\/strong>\u201c, y agreg\u00f3 detall\u00f3 que \u201cpara nuestra gesti\u00f3n es fundamental profundizar el v\u00ednculo con aquellos Estados que hist\u00f3ricamente han sido incondicionales con su apoyo a nuestros leg\u00edtimos derechos soberanos sobre la Cuesti\u00f3n de las Islas Malvinas\u201d.<\/p>\n\n\n\n<p>La iniciativa anunciada por\u00a0<strong>Pablo Grasso<\/strong>\u00a0avanza a\u00fan m\u00e1s en la integraci\u00f3n de gobiernos subnacionales a los\u00a0<strong>BRICS<\/strong>, incorporando la posibilidad que ciudades y municipios participen dentro del grupo de\u00a0<strong>pa\u00edses emergentes<\/strong>\u00a0que tiene como principal objetivo formar un orden internacional multipolar, en contrapeso a la hegemon\u00eda de occidente.<\/p>\n\n\n\n<p><strong>Fuente: www.laopinionaustral.com.ar<\/strong><\/p>\n","protected":false},"excerpt":{"rendered":"<p>Este lunes, el intendente de R\u00edo Gallegos,\u00a0Pablo Grasso, anunci\u00f3 que tiene en agenda un viaje a la\u00a0Federaci\u00f3n Rusia\u00a0para la creaci\u00f3n de la \u201cAsociaci\u00f3n de Ciudades y Municipios BRICS+\u201c. Se trata del foro pol\u00edtico y econ\u00f3mico de pa\u00edses emergentes conformado inicialmente por&nbsp;Brasil, Rusia, India, China y Sud\u00e1frica, e incorporaron recientemente a&nbsp;Egipto, Ir\u00e1n, Emiratos \u00c1rabes Unidos, Arabia [&hellip;]<\/p>\n","protected":false},"author":5,"featured_media":4105,"comment_status":"open","ping_status":"open","sticky":false,"template":"","format":"standard","meta":[],"categories":[8],"tags":[],"_links":{"self":[{"href":"https:\/\/politicapatagonica.com\/index.php\/wp-json\/wp\/v2\/posts\/4104"}],"collection":[{"href":"https:\/\/politicapatagonica.com\/index.php\/wp-json\/wp\/v2\/posts"}],"about":[{"href":"https:\/\/politicapatagonica.com\/index.php\/wp-json\/wp\/v2\/types\/post"}],"author":[{"embeddable":true,"href":"https:\/\/politicapatagonica.com\/index.php\/wp-json\/wp\/v2\/users\/5"}],"replies":[{"embeddable":true,"href":"https:\/\/politicapatagonica.com\/index.php\/wp-json\/wp\/v2\/comments?post=4104"}],"version-history":[{"count":1,"href":"https:\/\/politicapatagonica.com\/index.php\/wp-json\/wp\/v2\/posts\/4104\/revisions"}],"predecessor-version":[{"id":4106,"href":"https:\/\/politicapatagonica.com\/index.php\/wp-json\/wp\/v2\/posts\/4104\/revisions\/4106"}],"wp:featuredmedia":[{"embeddable":true,"href":"https:\/\/politicapatagonica.com\/index.php\/wp-json\/wp\/v2\/media\/4105"}],"wp:attachment":[{"href":"https:\/\/politicapatagonica.com\/index.php\/wp-json\/wp\/v2\/media?parent=4104"}],"wp:term":[{"taxonomy":"category","embeddable":true,"href":"https:\/\/politicapatagonica.com\/index.php\/wp-json\/wp\/v2\/categories?post=4104"},{"taxonomy":"post_tag","embeddable":true,"href":"https:\/\/politicapatagonica.com\/index.php\/wp-json\/wp\/v2\/tags?post=4104"}],"curies":[{"name":"wp","href":"https:\/\/api.w.org\/{rel}","templated":true}]}}