{"id":4101,"date":"2024-05-27T21:29:04","date_gmt":"2024-05-27T21:29:04","guid":{"rendered":"https:\/\/politicapatagonica.com\/?p=4101"},"modified":"2024-05-27T21:29:05","modified_gmt":"2024-05-27T21:29:05","slug":"menna-adelanto-que-habra-una-amplia-convocatoria-para-debatir-el-codigo-electoral-de-chubut","status":"publish","type":"post","link":"https:\/\/politicapatagonica.com\/index.php\/2024\/05\/27\/menna-adelanto-que-habra-una-amplia-convocatoria-para-debatir-el-codigo-electoral-de-chubut\/","title":{"rendered":"Menna adelant\u00f3 que habr\u00e1 una amplia convocatoria para debatir el C\u00f3digo Electoral de Chubut"},"content":{"rendered":"\n<p><strong>El vicegobernador de Chubut, Gustavo Menna<\/strong>, brind\u00f3 declaraciones sobre el debate que se avecina sobre la ley que definir\u00e1\u00a0el C\u00f3digo Electoral provincial. Menna destac\u00f3 la necesidad y los puntos clave de esta legislaci\u00f3n.<\/p>\n\n\n\n<p>El vicegobernador explic\u00f3 que el <strong>C\u00f3digo Electoral contempla las reglas de toda la etapa previa, incluyendo la comisi\u00f3n, el escrutinio, la oficializaci\u00f3n y las causales de indivisi\u00f3n<\/strong>. \u201cEsa parte no tiene mucho para inventar, son reglas comunes en cualquier C\u00f3digo Electoral y no deber\u00eda haber desacuerdos al respecto\u201d, afirm\u00f3.<\/p>\n\n\n\n<p>Sin embargo, Menna<strong> subray\u00f3 que hay puntos espec\u00edficos que podr\u00edan generar miradas dis\u00edmiles, tales como las formas de votaci\u00f3n y las boletas.<\/strong> Argentina y Uruguay son de los pocos pa\u00edses en Latinoam\u00e9rica que a\u00fan utilizan el sistema de boleta partidaria. En contraste, provincias como Santa Fe y C\u00f3rdoba han adoptado sistemas de boleta \u00fanica de papel, recibiendo elogios por su implementaci\u00f3n.<\/p>\n\n\n\n<p>Otro tema mencionado por Menna fue la fecha de las elecciones.<strong> \u201cExiste un debate sobre si los comicios deben ser separados o simult\u00e1neos con los nacionales, y si deben tener una fecha predeterminada\u201d,<\/strong> explic\u00f3. Tambi\u00e9n destac\u00f3 la necesidad de mejorar la organizaci\u00f3n reglamentaria del Tribunal Electoral Provincial, que en las \u00faltimas elecciones enfrent\u00f3 problemas como la publicaci\u00f3n tard\u00eda de padrones.<\/p>\n\n\n\n<p>Menna enfatiz\u00f3 la importancia de actualizar la ley de partidos pol\u00edticos para alinearla con el nuevo C\u00f3digo Electoral, ya que <strong>actualmente muchas normas electorales est\u00e1n incluidas err\u00f3neamente en la ley de partidos pol\u00edticos.<\/strong><\/p>\n\n\n\n<p>El vicegobernador indic\u00f3 que el <strong>gobernador de Chubut, Ignacio Torres,\u00a0tiene la determinaci\u00f3n de enviar este proyecto de ley, que requerir\u00e1 una mayor\u00eda significativa para su aprobaci\u00f3n. \u201cNuestra idea es realizar una serie de reuniones informativas para recibir opiniones y sugerencias de expertos, jueces electorales, organizaciones de la sociedad civil, partidos pol\u00edticos y universidades\u201d, se\u00f1al\u00f3.<\/strong><\/p>\n\n\n\n<p>Sobre la posibilidad de retomar la discusi\u00f3n de las PASO (Primarias Abiertas Simult\u00e1neas y Obligatorias), Menna consider\u00f3 que es un tema que ya se resolvi\u00f3 en Chubut y no deber\u00eda estar incluido en el C\u00f3digo Electoral. \u201cLa forma de dirimir candidaturas es una discusi\u00f3n aparte. Lo interesante es definir fechas electorales distintas a las nacionales, lo cual ha sido una pr\u00e1ctica consolidada en Chubut desde al menos 2011\u201d, afirm\u00f3.<\/p>\n\n\n\n<p>Menna indic\u00f3 que<strong> la mayor\u00eda de las provincias argentinas tambi\u00e9n han optado por desdoblar sus elecciones, ya sea por mandato constitucional, legal o por decisi\u00f3n de sus autoridades.<\/strong><\/p>\n\n\n\n<p>Los diputados tomar\u00e1n como base el proyecto que&nbsp;fue redactado en el 2014 por la actual senadora,&nbsp;<strong>Edith Terenzi<\/strong>,&nbsp;la ex secretaria del Juzgado Electoral Federal de Rawson (en aquel momento en funciones),&nbsp;<strong>Betina Grosman<\/strong>; el secretario del Tribunal Electoral Provincial (en aquel momento en funciones),&nbsp;<strong>Jean Lup Gerber<\/strong>;&nbsp;<strong>Elena Regojo<\/strong>&nbsp;-tambi\u00e9n del citado organismo- y el secretario de la Legislatura,&nbsp;<strong>Augusto Cerra<\/strong>.<\/p>\n\n\n\n<p><strong>Y se propiciar\u00e1n reuniones como lo originado en el debate sobre la reforma del C\u00f3digo Procesal Pena, invitando, por ejemplo, a jueces de la C\u00e1mara Nacional Electoral, a\u00a0quienes han tenido desarrollo en este tema, a organizaciones de la sociedad civil, partidos pol\u00edticos y la Universidad.\u00a0&#8220;La idea es hacerlo este a\u00f1o&#8221;<\/strong>, concluy\u00f3.<\/p>\n\n\n\n<p><strong>Fuente: www.elchubut.com.ar<\/strong><\/p>\n","protected":false},"excerpt":{"rendered":"<p>El vicegobernador de Chubut, Gustavo Menna, brind\u00f3 declaraciones sobre el debate que se avecina sobre la ley que definir\u00e1\u00a0el C\u00f3digo Electoral provincial. Menna destac\u00f3 la necesidad y los puntos clave de esta legislaci\u00f3n. El vicegobernador explic\u00f3 que el C\u00f3digo Electoral contempla las reglas de toda la etapa previa, incluyendo la comisi\u00f3n, el escrutinio, la oficializaci\u00f3n [&hellip;]<\/p>\n","protected":false},"author":5,"featured_media":4102,"comment_status":"open","ping_status":"open","sticky":false,"template":"","format":"standard","meta":[],"categories":[14],"tags":[],"_links":{"self":[{"href":"https:\/\/politicapatagonica.com\/index.php\/wp-json\/wp\/v2\/posts\/4101"}],"collection":[{"href":"https:\/\/politicapatagonica.com\/index.php\/wp-json\/wp\/v2\/posts"}],"about":[{"href":"https:\/\/politicapatagonica.com\/index.php\/wp-json\/wp\/v2\/types\/post"}],"author":[{"embeddable":true,"href":"https:\/\/politicapatagonica.com\/index.php\/wp-json\/wp\/v2\/users\/5"}],"replies":[{"embeddable":true,"href":"https:\/\/politicapatagonica.com\/index.php\/wp-json\/wp\/v2\/comments?post=4101"}],"version-history":[{"count":1,"href":"https:\/\/politicapatagonica.com\/index.php\/wp-json\/wp\/v2\/posts\/4101\/revisions"}],"predecessor-version":[{"id":4103,"href":"https:\/\/politicapatagonica.com\/index.php\/wp-json\/wp\/v2\/posts\/4101\/revisions\/4103"}],"wp:featuredmedia":[{"embeddable":true,"href":"https:\/\/politicapatagonica.com\/index.php\/wp-json\/wp\/v2\/media\/4102"}],"wp:attachment":[{"href":"https:\/\/politicapatagonica.com\/index.php\/wp-json\/wp\/v2\/media?parent=4101"}],"wp:term":[{"taxonomy":"category","embeddable":true,"href":"https:\/\/politicapatagonica.com\/index.php\/wp-json\/wp\/v2\/categories?post=4101"},{"taxonomy":"post_tag","embeddable":true,"href":"https:\/\/politicapatagonica.com\/index.php\/wp-json\/wp\/v2\/tags?post=4101"}],"curies":[{"name":"wp","href":"https:\/\/api.w.org\/{rel}","templated":true}]}}