{"id":4097,"date":"2024-05-24T21:11:47","date_gmt":"2024-05-24T21:11:47","guid":{"rendered":"https:\/\/politicapatagonica.com\/?p=4097"},"modified":"2024-05-24T21:12:17","modified_gmt":"2024-05-24T21:12:17","slug":"la-legislatura-de-neuquen-aprobo-el-cobro-a-las-hidroelectricas-por-el-uso-del-agua","status":"publish","type":"post","link":"https:\/\/politicapatagonica.com\/index.php\/2024\/05\/24\/la-legislatura-de-neuquen-aprobo-el-cobro-a-las-hidroelectricas-por-el-uso-del-agua\/","title":{"rendered":"La legislatura de Neuqu\u00e9n aprob\u00f3 el cobro a las hidroel\u00e9ctricas por el uso del agua"},"content":{"rendered":"\n<p>La c\u00e1mara de diputados de Neuqu\u00e9n,<strong> aprob\u00f3 en general, la ley que le permitir\u00e1 a la provincia, cobrar un canon a las <\/strong>empresas&nbsp;<strong>hidroel\u00e9ctricas<\/strong>,&nbsp;por el uso y aprovechamiento del agua de los r\u00edos Neuqu\u00e9n y Limay, para generaci\u00f3n de energ\u00eda el\u00e9ctrica.&nbsp;La aprobaci\u00f3n, se dio por mayor\u00eda durante la 9\u00b0 sesi\u00f3n ordinaria, el &nbsp;jueves 23 de mayo.<\/p>\n\n\n\n<p>La Norma que aprobaron los diputados, dispone que el importe que la provincia recaude por el cobro del canon a las&nbsp;<strong>hidroel\u00e9ctricas<\/strong>, <strong>conforme un fondo,&nbsp;cuyo 70 %, lo deber\u00e1 destinar a proyectos de generaci\u00f3n el\u00e9ctrica y otras energ\u00edas y el 30 % restante, \u201cse distribuir\u00e1 entre los municipios, para afrontar obras de infraestructura, como luz, gas, cloacas y agua\u201d.<\/strong><\/p>\n\n\n\n<p>La aprobaci\u00f3n de la ley, por la cual las empresas&nbsp;<strong>hidroel\u00e9ctricas&nbsp;<\/strong>deber\u00e1n pagar un&nbsp;canon&nbsp;por el uso del agua,&nbsp;<strong>se concret\u00f3 con el voto positivo de 28 diputados de los 33 presentes en la sesi\u00f3n,&nbsp;aportados por los bloques DC-Comunidad; MPN; PRO-CNC; Hacemos Neuqu\u00e9n; Avanzar; Arriba Neuqu\u00e9n; UxP; Juntos y JxC-UCR. Los cinco votos negativos, llegaron desde los bloques de la Izquierda: FIT-U y PTS-FIT-U.<\/strong><\/p>\n\n\n\n<p>La nueva&nbsp;Norma, faculta a la subsecretar\u00eda de Recursos H\u00eddricos a establecer el monto del canon por metro c\u00fabico utilizado y <strong>seg\u00fan el diputado del MPN, Claudio Dom\u00ednguez,&nbsp;\u201cfijando a 1,20 pesos los mil litros de agua, la provincia recaudar\u00eda 47 millones de d\u00f3lares al a\u00f1o\u201d.<\/strong> Su compa\u00f1era de bloque, Cielubi Obreque, se\u00f1al\u00f3 que se trata de \u201cun acto de justicia y reparaci\u00f3n para la sociedad neuquina\u201d y record\u00f3 que el objetivo es que la utilizaci\u00f3n de los recursos, \u201ctenga un impacto positivo en la calidad de vida de la poblaci\u00f3n\u201d.<\/p>\n\n\n\n<p>El Ejecutivo provincial, estar\u00e1 facultado por la nueva Norma, para cobrar el canon \u201cen especies\u201d,&nbsp;es decir que podr\u00e1 percibir vol\u00famenes de energ\u00eda a precio mayorista, para luego aportarla a las distribuidoras locales a un costo m\u00e1s barato, \u201clo cual impactar\u00e1 en una reducci\u00f3n de las tarifas para los usuarios\u201d, explicaron. Los legisladores, afirmaron que el instrumento aprobado, \u201cbeneficiar\u00e1 a toda la poblaci\u00f3n, el comercio, los productores y la industria\u201d.<\/p>\n\n\n\n<h2>Las diferentes consideraciones<\/h2>\n\n\n\n<p>Dami\u00e1n Canuto, del bloque PRO-NCN, calific\u00f3 el proyecto como \u201crazonable y concreto\u201d, que marcar\u00e1 una posici\u00f3n como due\u00f1os de los r\u00edos. Ernesto Novoa, diputado por DC-Comunidad, asegur\u00f3 que la ley,&nbsp;\u201cdefiende los intereses de Neuqu\u00e9n\u201d y en la misma sinton\u00eda, <strong>C\u00e9sar Gass pidi\u00f3 \u201cvelar para que la provincia sea parte de las negociaciones con el gobierno nacional y R\u00edo Negro, para hacerse de las represas nuevamente\u201d.<\/strong><\/p>\n\n\n\n<p>Los diputados,<strong> Gabriela Suppicich y Andr\u00e9s Blanco,&nbsp;fundamentaron su voto en contra <\/strong>y lamentaron la facultad que la ley le otorga al ejecutivo de establecer el valor del canon, \u201cque le da un valor incierto e incluso le permitir\u00eda fijarlo en cero\u201d.<\/p>\n\n\n\n<p><strong>Fuente: www.minutoneuquen.com<\/strong><\/p>\n","protected":false},"excerpt":{"rendered":"<p>La c\u00e1mara de diputados de Neuqu\u00e9n, aprob\u00f3 en general, la ley que le permitir\u00e1 a la provincia, cobrar un canon a las empresas&nbsp;hidroel\u00e9ctricas,&nbsp;por el uso y aprovechamiento del agua de los r\u00edos Neuqu\u00e9n y Limay, para generaci\u00f3n de energ\u00eda el\u00e9ctrica.&nbsp;La aprobaci\u00f3n, se dio por mayor\u00eda durante la 9\u00b0 sesi\u00f3n ordinaria, el &nbsp;jueves 23 de mayo. [&hellip;]<\/p>\n","protected":false},"author":5,"featured_media":4098,"comment_status":"open","ping_status":"open","sticky":false,"template":"","format":"standard","meta":[],"categories":[9],"tags":[],"_links":{"self":[{"href":"https:\/\/politicapatagonica.com\/index.php\/wp-json\/wp\/v2\/posts\/4097"}],"collection":[{"href":"https:\/\/politicapatagonica.com\/index.php\/wp-json\/wp\/v2\/posts"}],"about":[{"href":"https:\/\/politicapatagonica.com\/index.php\/wp-json\/wp\/v2\/types\/post"}],"author":[{"embeddable":true,"href":"https:\/\/politicapatagonica.com\/index.php\/wp-json\/wp\/v2\/users\/5"}],"replies":[{"embeddable":true,"href":"https:\/\/politicapatagonica.com\/index.php\/wp-json\/wp\/v2\/comments?post=4097"}],"version-history":[{"count":2,"href":"https:\/\/politicapatagonica.com\/index.php\/wp-json\/wp\/v2\/posts\/4097\/revisions"}],"predecessor-version":[{"id":4100,"href":"https:\/\/politicapatagonica.com\/index.php\/wp-json\/wp\/v2\/posts\/4097\/revisions\/4100"}],"wp:featuredmedia":[{"embeddable":true,"href":"https:\/\/politicapatagonica.com\/index.php\/wp-json\/wp\/v2\/media\/4098"}],"wp:attachment":[{"href":"https:\/\/politicapatagonica.com\/index.php\/wp-json\/wp\/v2\/media?parent=4097"}],"wp:term":[{"taxonomy":"category","embeddable":true,"href":"https:\/\/politicapatagonica.com\/index.php\/wp-json\/wp\/v2\/categories?post=4097"},{"taxonomy":"post_tag","embeddable":true,"href":"https:\/\/politicapatagonica.com\/index.php\/wp-json\/wp\/v2\/tags?post=4097"}],"curies":[{"name":"wp","href":"https:\/\/api.w.org\/{rel}","templated":true}]}}