{"id":4079,"date":"2024-05-22T21:23:10","date_gmt":"2024-05-22T21:23:10","guid":{"rendered":"https:\/\/politicapatagonica.com\/?p=4079"},"modified":"2024-05-23T14:49:51","modified_gmt":"2024-05-23T14:49:51","slug":"claudio-vidal-inauguro-la-construccion-de-acueducto-para-aumentar-el-suministro-de-agua-a-caleta-olivia","status":"publish","type":"post","link":"https:\/\/politicapatagonica.com\/index.php\/2024\/05\/22\/claudio-vidal-inauguro-la-construccion-de-acueducto-para-aumentar-el-suministro-de-agua-a-caleta-olivia\/","title":{"rendered":"Claudio Vidal inaugur\u00f3 la construcci\u00f3n de acueducto que aumentar\u00e1 el suministro de agua a Caleta Olivia"},"content":{"rendered":"\n<p><strong>El gobernador de Santa Cruz,\u00a0Claudio Vidal, dej\u00f3 inaugurado el comienzo de la obra del acueducto de Ca\u00f1ad\u00f3n Quintana a Caleta Olivia<\/strong> con la presencia de directivos de\u00a0CGC, empresa que llevar\u00e1 adelante los trabajos. Se estima que las tareas demandar\u00e1n unos 12 meses de obra.<\/p>\n\n\n\n<p>\u201cHoy poder estar ac\u00e1 poniendo en marcha esta obra la verdad que dice mucho, hay algo muy importante y es que<strong> hoy tenemos la oportunidad de hacerlo, que no sea solamente la foto con el cartel de comienzo de obra, sino que ahora se va a terminar y va a quedar a disposici\u00f3n de la familia caletense<\/strong>\u201d, puntualiz\u00f3 Vidal.<\/p>\n\n\n\n<p>Record\u00f3 que durante muchos a\u00f1os \u201cel reclamo estuvo muy presente\u201d y consider\u00f3 que desde el inicio de la gesti\u00f3n que encabeza \u201c<strong>hay que comenzar a dar respuestas<\/strong>\u201d.<\/p>\n\n\n\n<p>En este escenario, el mandatario provincial destac\u00f3 que esta obra \u201c<strong>era un acuerdo firmado entre un gobierno anterior y con otras operadoras, jam\u00e1s se hizo<\/strong>; lo \u00fanico que hay que hacer es juntar las partes, sentarnos en una mesa a discutir lo que ten\u00edamos que discutir y cada uno asumir el compromiso para que los vecinos de Caleta Olivia comiencen a tener algo que es parte de la vida cotidiana\u201d.<\/p>\n\n\n\n<p>Se\u00f1al\u00f3 que es un \u201crecurso sumamente importante\u201d y <strong>agradeci\u00f3 el compromiso y responsabilidad social empresaria de la empresa CGC y la\u00a0labor\u00a0de la empresa estatal\u00a0Servicios P\u00fablicos<\/strong>\u00a0que acompa\u00f1a los trabajos. \u201cUna empresa que estaba completamente detonada, en donde se comet\u00edan un mont\u00f3n de hechos irregulares ilegales, hoy comienza a acomodarse y tiene la responsabilidad de <strong>construir 12 km de una l\u00ednea de 13 Kv<\/strong>\u201d, agreg\u00f3 sobre este punto.<\/p>\n\n\n\n<p>Vidal afirm\u00f3 que \u201ces un claro ejemplo de que las obras cuando se comienzan se tienen que terminar, basta de sacar una foto en el comienzo y despu\u00e9s se deja a medias, porque los afectados siempre fueron los vecinos\u201d.<\/p>\n\n\n\n<p>\u201cEso se termin\u00f3, a asumir el compromiso de trabajar en conjunto y de entregar las obras a la sociedad\u201d, agreg\u00f3 luego. Record\u00f3, en este escenario, el avance en Palermo Aike y el anuncio sobre este importante desarrollo para Santa Cruz.<\/p>\n\n\n\n<p>\u201cFue un encuentro muy significativo y hoy estamos comenzando esta obra que son <strong>33 km de acueducto<\/strong> tan fundamentales para la familia caletense\u201d, expres\u00f3 y destac\u00f3 que pr\u00f3ximamente se anunciar\u00e1n obras que se har\u00e1n con fondos propios de la provincia.<\/p>\n\n\n\n<p>\u201cHay un claro ejemplo de qu\u00e9 las cosas se pueden hacer bien y a favor de la sociedad de esta provincia. Estamos anunciando obras que son en beneficio del pueblo, con recursos propios, estamos mejorando la paritaria los salarios de los trabajadores del Estado y, adem\u00e1s, nos preparamos para que en el mes de diciembre la provincia de Santa cruz no tengas m\u00e1s deuda\u201d, apunt\u00f3 luego.<\/p>\n\n\n\n<p>\u201cEste sue\u00f1o es posible, Santa Cruz comienza a marcar un rumbo distinto y lo vamos a hacer entre todos\u201d, cerr\u00f3 el mandatario santacruce\u00f1o.<\/p>\n\n\n\n<p>Por su parte,&nbsp;<strong>Rodrigo Fern\u00e1ndez<\/strong>, vicepresidente de Relaciones Institucionales del&nbsp;<strong>CGC<\/strong>&nbsp;mencion\u00f3 que \u201cparticipar un d\u00eda hoy en esta obra de articulaci\u00f3n con el Gobierno nos pone especialmente contentos porque sentimos que aportamos un granito de arena al bienestar de la comunidad\u201d.<\/p>\n\n\n\n<p>Marc\u00f3 que, con estos 2500 m\u00b3 de agua y cuando la obra est\u00e9 terminada \u201cva a ser un incremento de agua dulce para la comunidad de Caleta, as\u00ed que nosotros agradecemos esta posibilidad\u201d.<\/p>\n\n\n\n<p>El encuentro fue acompa\u00f1ado por los intendentes de Caleta Olivia, Pablo Carrizo, de Pico Truncado, Pablo Anabal\u00f3n, y de Perito Moreno, Mat\u00edas Treppo, y los comisionados de fomento de Koluel Kayke, Tom\u00e1s Cabral; y de Jaramillo Fitz Roy, Ana Mar\u00eda Urricelqui. Mientras que, por parte de Servicios P\u00fablicos, acompa\u00f1\u00f3 el presidente Jorge Avenda\u00f1o; y el gerente de la empresa en la zona norte, Alejandro Maman\u00ed.<\/p>\n\n\n\n<h3>Aumentar el suministro de agua a Caleta Olivia<\/h3>\n\n\n\n<p>La obra tiene como fin espec\u00edfico aumentar el caudal del suministro de agua dulce a la ciudad de&nbsp;<strong>Caleta Olivia<\/strong>&nbsp;en un incremento estimado de 2352 m3\/d. El proyecto implica la terminaci\u00f3n de la construcci\u00f3n de una red de acueductos, la interconexi\u00f3n de 14 pozos de captaci\u00f3n de agua y la conducci\u00f3n del agua desde cada pozo hasta la cisterna N\u00b01 en la cabecera del Ca\u00f1ad\u00f3n Quintana.<\/p>\n\n\n\n<p>Para tal fin, se emplear\u00e1 ca\u00f1er\u00eda de&nbsp;<strong>Polietileno de Alta Densidad<\/strong>&nbsp;(<strong>PEAD<\/strong>), con una extensi\u00f3n total de la red de, aproximadamente, 33 km. Para la infraestructura el\u00e9ctrica, la obra demanda la construcci\u00f3n de una l\u00ednea el\u00e9ctrica de m\u00e1s de 12 km de extensi\u00f3n, con tensi\u00f3n de alimentaci\u00f3n de 13,2 Kv con el prop\u00f3sito de energizar las bombas.<\/p>\n\n\n\n<p>En cuanto a los componentes el\u00e9ctricos, en tanto, prev\u00e9n la instalaci\u00f3n de 14 subestaciones transformadoras, el montaje de 14 bombas electro sumergibles con una profundidad de instalaci\u00f3n de cada bomba de 150 metros.<\/p>\n\n\n\n<p>La nueva red de energ\u00eda ser\u00e1 una extensi\u00f3n de la red el\u00e9ctrica de Servicios P\u00fablicos Sociedad del Estado con un tiempo de obra de, aproximadamente, 13 meses, con mano de obra de unos 30 trabajadores de la empresa.<\/p>\n\n\n\n<p><strong>Fuente: www.laopinionaustral.com.ar<\/strong><\/p>\n","protected":false},"excerpt":{"rendered":"<p>El gobernador de Santa Cruz,\u00a0Claudio Vidal, dej\u00f3 inaugurado el comienzo de la obra del acueducto de Ca\u00f1ad\u00f3n Quintana a Caleta Olivia con la presencia de directivos de\u00a0CGC, empresa que llevar\u00e1 adelante los trabajos. Se estima que las tareas demandar\u00e1n unos 12 meses de obra. \u201cHoy poder estar ac\u00e1 poniendo en marcha esta obra la verdad [&hellip;]<\/p>\n","protected":false},"author":5,"featured_media":4080,"comment_status":"open","ping_status":"open","sticky":false,"template":"","format":"standard","meta":[],"categories":[8],"tags":[],"_links":{"self":[{"href":"https:\/\/politicapatagonica.com\/index.php\/wp-json\/wp\/v2\/posts\/4079"}],"collection":[{"href":"https:\/\/politicapatagonica.com\/index.php\/wp-json\/wp\/v2\/posts"}],"about":[{"href":"https:\/\/politicapatagonica.com\/index.php\/wp-json\/wp\/v2\/types\/post"}],"author":[{"embeddable":true,"href":"https:\/\/politicapatagonica.com\/index.php\/wp-json\/wp\/v2\/users\/5"}],"replies":[{"embeddable":true,"href":"https:\/\/politicapatagonica.com\/index.php\/wp-json\/wp\/v2\/comments?post=4079"}],"version-history":[{"count":3,"href":"https:\/\/politicapatagonica.com\/index.php\/wp-json\/wp\/v2\/posts\/4079\/revisions"}],"predecessor-version":[{"id":4089,"href":"https:\/\/politicapatagonica.com\/index.php\/wp-json\/wp\/v2\/posts\/4079\/revisions\/4089"}],"wp:featuredmedia":[{"embeddable":true,"href":"https:\/\/politicapatagonica.com\/index.php\/wp-json\/wp\/v2\/media\/4080"}],"wp:attachment":[{"href":"https:\/\/politicapatagonica.com\/index.php\/wp-json\/wp\/v2\/media?parent=4079"}],"wp:term":[{"taxonomy":"category","embeddable":true,"href":"https:\/\/politicapatagonica.com\/index.php\/wp-json\/wp\/v2\/categories?post=4079"},{"taxonomy":"post_tag","embeddable":true,"href":"https:\/\/politicapatagonica.com\/index.php\/wp-json\/wp\/v2\/tags?post=4079"}],"curies":[{"name":"wp","href":"https:\/\/api.w.org\/{rel}","templated":true}]}}