{"id":4075,"date":"2024-05-22T21:00:31","date_gmt":"2024-05-22T21:00:31","guid":{"rendered":"https:\/\/politicapatagonica.com\/?p=4075"},"modified":"2024-05-23T14:43:21","modified_gmt":"2024-05-23T14:43:21","slug":"operativo-retorno-de-rolando-figueroa-al-mpn-reacciones-en-el-frente-neuquinizate","status":"publish","type":"post","link":"https:\/\/politicapatagonica.com\/index.php\/2024\/05\/22\/operativo-retorno-de-rolando-figueroa-al-mpn-reacciones-en-el-frente-neuquinizate\/","title":{"rendered":"\u00bfOperativo retorno de Rolando Figueroa al MPN?: reacciones en el frente &#8220;Neuquinizate&#8221;"},"content":{"rendered":"\n<p>El operativo retorno de&nbsp;<strong>Rolando Figueroa<\/strong>&nbsp;al&nbsp;<strong>MPN<\/strong>, impulsado por un sector de ese partido c<strong>on el prop\u00f3sito de lanzar una nueva l\u00ednea interna y promover la reelecci\u00f3n del actual gobernador,<\/strong> gener\u00f3 diferentes reacciones dentro del frente <strong>\u201cNeuquinizate\u201d.<\/strong><\/p>\n\n\n\n<p>En ese espacio variopinto, liderado por<strong>&nbsp;Comunidad&nbsp;(el partido de Figueroa) y donde convergen, entre otros, sectores del peronismo, el PRO y libertarios, existen distintas posturas respecto a esta movida del MPN, que cuenta con la venia del mandatario neuquino y que tiene como objetivo las elecciones nacionales de medio t\u00e9rmino del a\u00f1o que viene.<\/strong><\/p>\n\n\n\n<p>En el PJ, que tuvo hace unos d\u00edas un encuentro en Zapala, se abord\u00f3 la situaci\u00f3n actual del partido, pero tambi\u00e9n el escenario electoral 2025.<\/p>\n\n\n\n<p>Los Figueroistas quieren fortalecer<strong> la gesti\u00f3n de gobierno del que forman parte y \u201cel armado de un peronismo que no ponga palos en la rueda\u201d,<\/strong> en referencia al otro sector, liderado por Dar\u00edo Mart\u00ednez, que hoy aparece como un claro opositor al Ejecutivo.<\/p>\n\n\n\n<p>Respecto a la posibilidad de que se constituya un frente que pueda<strong> incluir al MPN y que de all\u00ed surjan las candidaturas, desde el peronismo aliado al gobierno provincial se explic\u00f3 que el objetivo es \u201cparticipar del armado que defina Rolando y que seamos parte, no solo en la gesti\u00f3n y en la construcci\u00f3n territorial, sino tambi\u00e9n de los armados electorales por venir\u201d.<\/strong><\/p>\n\n\n\n<p>A su vez, <strong>en el&nbsp;PRO&nbsp;hay visiones distintas dentro del propio sector que forma parte del frente \u201cNeuquinizate\u201d.<\/strong> Por un lado, algunos plantean que es muy prematuro hablar del tema, pero advierten que \u201clo nacional es lo nacional y lo provincial es lo provincial\u201d,<strong> en el sentido de que en los comicios del a\u00f1o que viene el proyecto pol\u00edtico de la provincia no est\u00e1 en juego, sino la representaci\u00f3n de los partidos en el Congreso donde, en este caso el PRO, deber\u00eda llevar sus propios candidatos.<\/strong><\/p>\n\n\n\n<p>Se indic\u00f3 que este tema todav\u00eda no se abord\u00f3 con el presidente del partido,<strong>&nbsp;Mauricio Macri<\/strong>, que se llam\u00f3 a silencio y sobre el que se tejen distintas especulaciones que podr\u00edan incidir en los armados electorales del a\u00f1o que viene.<\/p>\n\n\n\n<p>Hay quienes aseguran que <strong>el expresidente se guard\u00f3 y que su asunci\u00f3n al frente del PRO se hizo por Zoom porque se prev\u00e9 la realizaci\u00f3n de un acto formal en donde sentar\u00eda una postura contraria al presidente Javier Milei<\/strong>. \u201cMuchos est\u00e1n especulando con que vamos a terminar confluyendo con la Libertad Avanza y eso hoy es imposible que suceda\u201d, asegur\u00f3 una fuente del partido.<\/p>\n\n\n\n<p><strong>En el PRO podr\u00e1 incidir la posici\u00f3n de Macri frente al gobierno nacional.<\/strong><\/p>\n\n\n\n<p><strong>Volviendo a lo provincial y las elecciones nacionales, la postura que impera en el PRO de Neuqu\u00e9n es que \u201cla construcci\u00f3n es hacia adentro del actual frente pol\u00edtico, fortaleciendo al gobierno de Rolo\u201d.<\/strong><\/p>\n\n\n\n<p>\u00bfY qu\u00e9 pasar\u00e1 con los<strong> libertarios que est\u00e1n dentro de \u201cNeuquinizate\u201d<\/strong>? Desde ese lugar aseguran que <strong>van a ir con candidatos propios<\/strong> a los comicios nacionales.<\/p>\n\n\n\n<p><strong>Ah\u00ed se explica parte de la estrategia del MPN de querer acordar con Figueroa, utilizando como herramienta el \u201coperativo retorno\u201d, y que cuenta con el aval impl\u00edcito del gobernador.<\/strong> El prop\u00f3sito es claro: que esos potenciales votos emepenistas vayan por dentro y no por fuera del frente provincial que hoy es gobierno en Neuqu\u00e9n.<\/p>\n\n\n\n<p><strong>Fuente: lmneuquen.com<\/strong><\/p>\n","protected":false},"excerpt":{"rendered":"<p>El operativo retorno de&nbsp;Rolando Figueroa&nbsp;al&nbsp;MPN, impulsado por un sector de ese partido con el prop\u00f3sito de lanzar una nueva l\u00ednea interna y promover la reelecci\u00f3n del actual gobernador, gener\u00f3 diferentes reacciones dentro del frente \u201cNeuquinizate\u201d. En ese espacio variopinto, liderado por&nbsp;Comunidad&nbsp;(el partido de Figueroa) y donde convergen, entre otros, sectores del peronismo, el PRO y [&hellip;]<\/p>\n","protected":false},"author":5,"featured_media":4076,"comment_status":"open","ping_status":"open","sticky":false,"template":"","format":"standard","meta":[],"categories":[9],"tags":[],"_links":{"self":[{"href":"https:\/\/politicapatagonica.com\/index.php\/wp-json\/wp\/v2\/posts\/4075"}],"collection":[{"href":"https:\/\/politicapatagonica.com\/index.php\/wp-json\/wp\/v2\/posts"}],"about":[{"href":"https:\/\/politicapatagonica.com\/index.php\/wp-json\/wp\/v2\/types\/post"}],"author":[{"embeddable":true,"href":"https:\/\/politicapatagonica.com\/index.php\/wp-json\/wp\/v2\/users\/5"}],"replies":[{"embeddable":true,"href":"https:\/\/politicapatagonica.com\/index.php\/wp-json\/wp\/v2\/comments?post=4075"}],"version-history":[{"count":4,"href":"https:\/\/politicapatagonica.com\/index.php\/wp-json\/wp\/v2\/posts\/4075\/revisions"}],"predecessor-version":[{"id":4086,"href":"https:\/\/politicapatagonica.com\/index.php\/wp-json\/wp\/v2\/posts\/4075\/revisions\/4086"}],"wp:featuredmedia":[{"embeddable":true,"href":"https:\/\/politicapatagonica.com\/index.php\/wp-json\/wp\/v2\/media\/4076"}],"wp:attachment":[{"href":"https:\/\/politicapatagonica.com\/index.php\/wp-json\/wp\/v2\/media?parent=4075"}],"wp:term":[{"taxonomy":"category","embeddable":true,"href":"https:\/\/politicapatagonica.com\/index.php\/wp-json\/wp\/v2\/categories?post=4075"},{"taxonomy":"post_tag","embeddable":true,"href":"https:\/\/politicapatagonica.com\/index.php\/wp-json\/wp\/v2\/tags?post=4075"}],"curies":[{"name":"wp","href":"https:\/\/api.w.org\/{rel}","templated":true}]}}