{"id":4065,"date":"2024-05-21T20:35:39","date_gmt":"2024-05-21T20:35:39","guid":{"rendered":"https:\/\/politicapatagonica.com\/?p=4065"},"modified":"2024-05-23T14:40:40","modified_gmt":"2024-05-23T14:40:40","slug":"chubut-ultima-detalles-para-la-aprobacion-del-nuevo-codigo-procesal-penal","status":"publish","type":"post","link":"https:\/\/politicapatagonica.com\/index.php\/2024\/05\/21\/chubut-ultima-detalles-para-la-aprobacion-del-nuevo-codigo-procesal-penal\/","title":{"rendered":"Chubut ultima detalles para la aprobaci\u00f3n del nuevo C\u00f3digo Procesal Penal"},"content":{"rendered":"\n<p>El gobernador del Chubut,&nbsp;<strong>Ignacio \u201cNacho\u201d Torres<\/strong>, encabez\u00f3 una extensa reuni\u00f3n en la Residencia Oficial de Gobierno en&nbsp;<strong>Rawson<\/strong>, con el objeto de analizar las principales caracter\u00edsticas de la&nbsp;<strong>Reforma del C\u00f3digo Procesal Penal<\/strong>&nbsp;que el Ejecutivo gir\u00f3 a la Legislatura para contribuir a mejorar la seguridad de los chubutenses y combatir la creciente ola de delitos en la provincia.<\/p>\n\n\n\n<p>\u201cSe debatieron los principales lineamientos de la reforma que, b\u00e1sicamente, apunta a tener m\u00e1s juicios, m\u00e1s r\u00e1pidos y m\u00e1s sentencias\u201d, expres\u00f3 el mandatario chubutense, tras un encuentro del cual participaron tambi\u00e9n el vicegobernador&nbsp;<strong>Gustavo Menna<\/strong>; el fiscal de Estado,&nbsp;<strong>Andr\u00e9s Giacomone<\/strong>; el procurador general de la Provincia,&nbsp;<strong>Jorge Miquelarena<\/strong>; el ministro de Gobierno,&nbsp;<strong>Andr\u00e9s Meiszner<\/strong>; el ministro de Seguridad y Justicia,&nbsp;<strong>H\u00e9ctor Iturrioz<\/strong>; y los diputados provinciales&nbsp;<strong>Luis Juncos<\/strong>,&nbsp;<strong>Daniel Hollman<\/strong>&nbsp;y&nbsp;<strong>Mar\u00eda Andrea Aguilera<\/strong>.<\/p>\n\n\n\n<p>Al respecto, el Torres indic\u00f3 que fueron convocados todos los actores de la provincia involucrados en el sistema penal para avanzar en los ejes centrales de la reforma y \u201cacelerar los tiempos que la sociedad est\u00e1 requiriendo desde hace much\u00edsimo tiempo\u201d.<\/p>\n\n\n\n<p>En tal sentido, apunt\u00f3 a \u201cterminar de una vez por todas con las puertas giratorias\u201d en Chubut, e impedir que \u201cun delincuente recupere la libertad en un abrir y cerrar de ojos\u201d. En ese marco, se\u00f1al\u00f3: \u201cEs hora de agilizar los procesos y optimizar todos los recursos disponibles para ponerle fin a la delincuencia en toda la provincia\u201d.<\/p>\n\n\n\n<p>\u201cPara esto, puntualiz\u00f3 el mandatario, hay que darle a la Justicia las herramientas legales necesarias para que el sistema sea m\u00e1s \u00e1gil y efectivo, y podamos as\u00ed llevar seguridad y prevenci\u00f3n a cada chubutense, que es lo que est\u00e1n demandando\u201d, expres\u00f3 el gobernador.<\/p>\n\n\n\n<h3>Amplio consenso<\/h3>\n\n\n\n<p>Por otra parte, el ministro de Seguridad y Justicia,&nbsp;<strong>H\u00e9ctor Iturrioz<\/strong>, revel\u00f3 que durante la reuni\u00f3n en la Residencia \u201cse trataron las caracter\u00edsticas del proyecto remitido por el Gobierno y los puntos que llegamos al consenso, que fueron casi todos\u201d.<\/p>\n\n\n\n<p>El funcionario indic\u00f3 que \u201cseguimos en algunos plazos, pero celebramos y dejamos claro que todos los efectores del sistema consensuaron la modificaci\u00f3n\u201d, y confi\u00f3 que la reforma \u201csaldr\u00e1 por unanimidad en la Legislatura\u201d.<\/p>\n\n\n\n<p>Cabe se\u00f1alar que, desde el pasado mes de abril, el proyecto est\u00e1 siendo debatido en la&nbsp;<strong>Legislatura del Chubut<\/strong>, con una amplia participaci\u00f3n de representantes de los Poderes Ejecutivo, Legislativo y Judicial, as\u00ed como tambi\u00e9n de expertos del orden provincial y nacional. Las modificaciones apuntan, esencialmente, a mejorar la seguridad p\u00fablica, acelerar los procesos penales y modernizar los mecanismos de investigaci\u00f3n judicial.<\/p>\n\n\n\n<h3>Modificaciones<\/h3>\n\n\n\n<p>El procurador general de la provincia,&nbsp;<strong>Jorge Miquelarena<\/strong>, se refiri\u00f3 a algunas de las modificaciones propuestas en el proyecto como, por ejemplo, \u201cse van a tener m\u00e1s procesos r\u00e1pidos, y en aquellos delitos que son encontrados en flagrancia y de sencilla investigaci\u00f3n, se pueda realizar el juicio y eventualmente la sentencia en un plazo que no exceda los 30 d\u00edas\u201d.<\/p>\n\n\n\n<p>En cuanto a los aspectos vinculados con la violencia de g\u00e9nero, se prev\u00e9 \u201cuna mayor protecci\u00f3n a las v\u00edctimas con la incorporaci\u00f3n de un inciso para la prisi\u00f3n preventiva, donde el juez deber\u00e1 ponderar especialmente aquellos casos en los que un sujeto est\u00e9 violando una prohibici\u00f3n de acercamiento\u201d.<\/p>\n\n\n\n<p>Asimismo, un cap\u00edtulo a destacar en la reforma se refiere \u201ca la producci\u00f3n de los bienes que han sido decomisados o secuestrados, los cuales pasar\u00e1n a estar en la \u00f3rbita del Poder Ejecutivo\u201d.<\/p>\n\n\n\n<p><strong>Fuente: www.laopinionaustral.com.ar<\/strong><\/p>\n","protected":false},"excerpt":{"rendered":"<p>El gobernador del Chubut,&nbsp;Ignacio \u201cNacho\u201d Torres, encabez\u00f3 una extensa reuni\u00f3n en la Residencia Oficial de Gobierno en&nbsp;Rawson, con el objeto de analizar las principales caracter\u00edsticas de la&nbsp;Reforma del C\u00f3digo Procesal Penal&nbsp;que el Ejecutivo gir\u00f3 a la Legislatura para contribuir a mejorar la seguridad de los chubutenses y combatir la creciente ola de delitos en la [&hellip;]<\/p>\n","protected":false},"author":5,"featured_media":4066,"comment_status":"open","ping_status":"open","sticky":false,"template":"","format":"standard","meta":[],"categories":[14],"tags":[],"_links":{"self":[{"href":"https:\/\/politicapatagonica.com\/index.php\/wp-json\/wp\/v2\/posts\/4065"}],"collection":[{"href":"https:\/\/politicapatagonica.com\/index.php\/wp-json\/wp\/v2\/posts"}],"about":[{"href":"https:\/\/politicapatagonica.com\/index.php\/wp-json\/wp\/v2\/types\/post"}],"author":[{"embeddable":true,"href":"https:\/\/politicapatagonica.com\/index.php\/wp-json\/wp\/v2\/users\/5"}],"replies":[{"embeddable":true,"href":"https:\/\/politicapatagonica.com\/index.php\/wp-json\/wp\/v2\/comments?post=4065"}],"version-history":[{"count":2,"href":"https:\/\/politicapatagonica.com\/index.php\/wp-json\/wp\/v2\/posts\/4065\/revisions"}],"predecessor-version":[{"id":4084,"href":"https:\/\/politicapatagonica.com\/index.php\/wp-json\/wp\/v2\/posts\/4065\/revisions\/4084"}],"wp:featuredmedia":[{"embeddable":true,"href":"https:\/\/politicapatagonica.com\/index.php\/wp-json\/wp\/v2\/media\/4066"}],"wp:attachment":[{"href":"https:\/\/politicapatagonica.com\/index.php\/wp-json\/wp\/v2\/media?parent=4065"}],"wp:term":[{"taxonomy":"category","embeddable":true,"href":"https:\/\/politicapatagonica.com\/index.php\/wp-json\/wp\/v2\/categories?post=4065"},{"taxonomy":"post_tag","embeddable":true,"href":"https:\/\/politicapatagonica.com\/index.php\/wp-json\/wp\/v2\/tags?post=4065"}],"curies":[{"name":"wp","href":"https:\/\/api.w.org\/{rel}","templated":true}]}}