{"id":4054,"date":"2024-05-20T22:03:49","date_gmt":"2024-05-20T22:03:49","guid":{"rendered":"https:\/\/politicapatagonica.com\/?p=4054"},"modified":"2024-05-21T16:25:27","modified_gmt":"2024-05-21T16:25:27","slug":"rolando-figueroa-visitara-por-segunda-vez-al-papa-francisco","status":"publish","type":"post","link":"https:\/\/politicapatagonica.com\/index.php\/2024\/05\/20\/rolando-figueroa-visitara-por-segunda-vez-al-papa-francisco\/","title":{"rendered":"Rolando Figueroa visitar\u00e1 por segunda vez al Papa Francisco en el Vaticano"},"content":{"rendered":"\n<p><strong>El gobernador&nbsp;Rolando Figueroa&nbsp;volver\u00e1 a encontrase con el Papa Francisco<\/strong>. Ser\u00e1 esta semana, en el Vaticano, durante el primer Encuentro Internacional del Sentido, al que fue invitado. <strong>Y se convertir\u00e1 en la primera visita que hace como mandatario, ya que la anterior fue en mayo de 2023, cuando era diputado nacional y gobernador electo.<\/strong><\/p>\n\n\n\n<p>Seg\u00fan inform\u00f3 el Gobierno, la cita es el 21, 22 y 23 en Ciudad del Vaticano. <strong>Y la actividad la promueven el Movimiento Educativo Internacional Scholas Occurrentes y el Banco de Desarrollo de Am\u00e9rica Latina y el Caribe (CAF), que recientemente aprob\u00f3 el financiamiento de 237 millones de d\u00f3lares a la provincia,<\/strong> 100 millones de los cuales estar\u00e1n disponibles este a\u00f1o para invertirlos en obras de infraestructura.<\/p>\n\n\n\n<p>Este mi\u00e9rcoles 22, <strong>mientras el gobernador se encuentre en Roma o en la Santa Sede (seg\u00fan el programa de actividades), una comisi\u00f3n de la CAF visitar\u00e1 la provincia para avanzar en el cr\u00e9dito<\/strong>, una parte del cual (50 millones de d\u00f3lares) <strong>se destinar\u00e1 a obras en rutas, incluidas las de Rahue y Mamuil Malal<\/strong>.<\/p>\n\n\n\n<p>Mientras que el jueves 23, en el Vaticano, se redactar\u00e1n las conclusiones que, el mismo d\u00eda, ser\u00e1n presentadas al Santo Padre, quien las recibir\u00e1 personalmente.<\/p>\n\n\n\n<h2>Vaticano<\/h2>\n\n\n\n<p>Desde la organizaci\u00f3n<strong> se destac\u00f3 que el encuentro busca atender la invitaci\u00f3n hecha por el Papa Francisco para dar vida a la Universidad del Sentido, <\/strong>con el objetivo de responder creativamente a la crisis que hoy enfrenta la humanidad, donde la cultura ha perdido la vitalidad.<\/p>\n\n\n\n<p>Subrayaron que no se trata de una nueva universidad,<strong> sino de una universidad nueva, que no se preocupa de buscar lo materialmente \u00fatil, sino lo indispensable para la vida del alma.<\/strong><\/p>\n\n\n\n<p>Con ese y otros objetivos, este primer encuentro internacional convoc\u00f3 a l\u00edderes e instituciones de diversas naciones, credos, sectores y generaciones, para abordar una serie de tem\u00e1ticas que ponen <strong>en el centro de la reflexi\u00f3n a la persona, en su integridad, en su relaci\u00f3n con los dem\u00e1s, con la sociedad y con la naturaleza.<\/strong><\/p>\n\n\n\n<h2>Primera visita<\/h2>\n\n\n\n<p>La primera visita de Figueroa al papa fue en mayo del a\u00f1o pasado, casi un mes despu\u00e9s de haberse consagrado como gobernador electo. En ese entonces, el dirigente neuquino, devoto de la fe cat\u00f3lica, logr\u00f3 encontrarse con el Sumo Pont\u00edfice en la Plaza San Pedro del estado y pudo saludarlo durante la recorrida matinal que realiz\u00f3 Francisco.<\/p>\n\n\n\n<p><strong>Figueroa explic\u00f3 que hab\u00eda sido una audiencia pactada previo a las elecciones del 16 de abril pero luego fue aplazada para que el encuentro no tuviera connotaciones pol\u00edticas.<\/strong><\/p>\n\n\n\n<p>&#8220;Con profunda emoci\u00f3n, tuve la oportunidad de compartir un momento con nuestro Papa Francisco. Me siento honrado y agradecido del camino que me toca recorrer, y con mucha esperanza por los tiempos que vienen&#8221;, escribi\u00f3 en ese entonces en su cuenta de Twitter tras el encuentro.<\/p>\n\n\n\n<p><strong>En la imagen que difundi\u00f3 Figueroa se lo vio tomando la mano del Sumo Pont\u00edfice, quien circulaba en silla de ruedas por la Plaza San Pedro durante una soleada ma\u00f1ana en el Vaticano.<\/strong><\/p>\n\n\n\n<p>El encuentro dur\u00f3 algunos minutos, en los cuales <strong>Figueroa y Francisco intercambiaron saludos y un breve di\u00e1logo protocolar,<\/strong> en el que se resalt\u00f3 la importancia de la fe y la esperanza por el futuro.<\/p>\n\n\n\n<p><strong>Fuente: lmneuquen.com<\/strong><\/p>\n","protected":false},"excerpt":{"rendered":"<p>El gobernador&nbsp;Rolando Figueroa&nbsp;volver\u00e1 a encontrase con el Papa Francisco. Ser\u00e1 esta semana, en el Vaticano, durante el primer Encuentro Internacional del Sentido, al que fue invitado. Y se convertir\u00e1 en la primera visita que hace como mandatario, ya que la anterior fue en mayo de 2023, cuando era diputado nacional y gobernador electo. Seg\u00fan inform\u00f3 [&hellip;]<\/p>\n","protected":false},"author":5,"featured_media":4055,"comment_status":"open","ping_status":"open","sticky":false,"template":"","format":"standard","meta":[],"categories":[9],"tags":[],"_links":{"self":[{"href":"https:\/\/politicapatagonica.com\/index.php\/wp-json\/wp\/v2\/posts\/4054"}],"collection":[{"href":"https:\/\/politicapatagonica.com\/index.php\/wp-json\/wp\/v2\/posts"}],"about":[{"href":"https:\/\/politicapatagonica.com\/index.php\/wp-json\/wp\/v2\/types\/post"}],"author":[{"embeddable":true,"href":"https:\/\/politicapatagonica.com\/index.php\/wp-json\/wp\/v2\/users\/5"}],"replies":[{"embeddable":true,"href":"https:\/\/politicapatagonica.com\/index.php\/wp-json\/wp\/v2\/comments?post=4054"}],"version-history":[{"count":2,"href":"https:\/\/politicapatagonica.com\/index.php\/wp-json\/wp\/v2\/posts\/4054\/revisions"}],"predecessor-version":[{"id":4062,"href":"https:\/\/politicapatagonica.com\/index.php\/wp-json\/wp\/v2\/posts\/4054\/revisions\/4062"}],"wp:featuredmedia":[{"embeddable":true,"href":"https:\/\/politicapatagonica.com\/index.php\/wp-json\/wp\/v2\/media\/4055"}],"wp:attachment":[{"href":"https:\/\/politicapatagonica.com\/index.php\/wp-json\/wp\/v2\/media?parent=4054"}],"wp:term":[{"taxonomy":"category","embeddable":true,"href":"https:\/\/politicapatagonica.com\/index.php\/wp-json\/wp\/v2\/categories?post=4054"},{"taxonomy":"post_tag","embeddable":true,"href":"https:\/\/politicapatagonica.com\/index.php\/wp-json\/wp\/v2\/tags?post=4054"}],"curies":[{"name":"wp","href":"https:\/\/api.w.org\/{rel}","templated":true}]}}