{"id":4041,"date":"2024-05-17T22:21:34","date_gmt":"2024-05-17T22:21:34","guid":{"rendered":"https:\/\/politicapatagonica.com\/?p=4041"},"modified":"2024-05-20T11:19:23","modified_gmt":"2024-05-20T11:19:23","slug":"ardohain-puede-quedar-en-ridiculo-por-lo-que-voto","status":"publish","type":"post","link":"https:\/\/politicapatagonica.com\/index.php\/2024\/05\/17\/ardohain-puede-quedar-en-ridiculo-por-lo-que-voto\/","title":{"rendered":"Ministro de La Pampa chicane\u00f3 al diputado Mart\u00edn Ardohain: &#8220;Puede quedar en rid\u00edculo por lo que vot\u00f3&#8221;"},"content":{"rendered":"\n<p>El ministro de Conectividad de La Pampa,<strong> <\/strong>Antonio Curciarello, afirm\u00f3 que<strong> el R\u00e9gimen de Incentivo para Grandes Inversores (RIGI) no generar\u00e1 empleo, perjudica a las provincias y es &#8220;inconstitucional&#8221; porque avanza sobre recursos naturales que son de las provincias<\/strong>. Adem\u00e1s, dijo, pone en peligro el medioambiente.<\/p>\n\n\n\n<p><strong>&#8220;Estimado diputado, lo que usted dice es incorrecto&#8221;, le apunt\u00f3 wl ministro de Conectividad,<strong> <\/strong>Antonio Curciarello, al diputado del PRO Mart\u00edn Ardohain,<\/strong> quien hab\u00eda defendido el proyecto incluido en la Ley Bases. El pampeano vot\u00f3 en el Congreso la Ley Bases, alineado con el presidente Javier Milei, y sali\u00f3 a cruzar a su par del peronismo, Ariel Rauschenberger, que hab\u00eda afirmado que con el RIGI &#8220;volvemos a ser un pa\u00eds colonial&#8221;.<\/p>\n\n\n\n<p><strong>Para Ardoha\u00edn, el RIGI generar\u00eda estabilidad y mano de obra.<\/strong><\/p>\n\n\n\n<p>&#8220;Estimado Diputado, lo que usted dice es incorrecto.&nbsp;&nbsp;<strong>El RIGI no solo no generar\u00e1 trabajo, sino que adem\u00e1s perjudica a las provincias e incluso afecta el medioambiente&#8221;<\/strong>, alert\u00f3 Curciarello en una publicaci\u00f3n en sus redes sociales.<\/p>\n\n\n\n<p>&#8220;No hay un solo art\u00edculo que obligue a las empresas beneficiarias del RIGI a tomar trabajadores ni a subcontratar empresas nacionales. Por ende, <strong>es falso que se vaya a generar trabajo con el RIGI, salvo que ese trabajo sea una generaci\u00f3n astron\u00f3mica de las Fuerzas del Cielo&#8221;, chicane\u00f3.<\/strong><\/p>\n\n\n\n<p>&#8220;El RIGI, el cual usted vot\u00f3 en su totalidad, es inconstitucional en el sentido que <strong>contradice el art. 124 (entre otros art\u00edculos) en cuanto al dominio de las provincias sobre los recursos naturales.<\/strong>&nbsp;El Proyecto de Ley le quita potestad a las provincias respecto de sus recursos naturales&#8221;, alert\u00f3. Y admiti\u00f3 que <strong>&#8220;no sorprende su apoyo a este tema, si nunca se le ocurri\u00f3 ninguna gesti\u00f3n contra Mendoza y en favor del R\u00edo Atuel para La Pampa&#8221;.<\/strong><\/p>\n\n\n\n<p>&#8220;Como si fuera poco<strong>, el RIGI implica una p\u00e9rdida de soberan\u00eda tanto para el pa\u00eds como para las provincias<\/strong>. Primero, porque establece que, si hay disputas entre el Estado Nacional y la empresa, se puede acudir directamente a tribunales internacionales (art. 219 del proyecto).&nbsp;Segundo, porque el Estado Nacional puede atacar judicialmente las leyes provinciales que, desde el punto de vista ambiental, protejan los recursos naturales (art. 163 del proyecto)&#8221;, puntualiz\u00f3.<\/p>\n\n\n\n<p>Finalmente, apel\u00f3 a otra iron\u00eda: &#8220;Le tendr\u00eda que ir avisando a sus amigos diputados provinciales de La Pampa (del PRO y la UCR) que ni se les ocurra legislar en cuidar los recursos de La Pampa porque lo van a dejar en rid\u00edculo de lo que usted vot\u00f3&#8221;.<\/p>\n\n\n\n<p><strong>Fuente: www.eldiariodelapampa.com.ar<\/strong><\/p>\n","protected":false},"excerpt":{"rendered":"<p>El ministro de Conectividad de La Pampa, Antonio Curciarello, afirm\u00f3 que el R\u00e9gimen de Incentivo para Grandes Inversores (RIGI) no generar\u00e1 empleo, perjudica a las provincias y es &#8220;inconstitucional&#8221; porque avanza sobre recursos naturales que son de las provincias. Adem\u00e1s, dijo, pone en peligro el medioambiente. &#8220;Estimado diputado, lo que usted dice es incorrecto&#8221;, le [&hellip;]<\/p>\n","protected":false},"author":5,"featured_media":4042,"comment_status":"open","ping_status":"open","sticky":false,"template":"","format":"standard","meta":[],"categories":[10],"tags":[],"_links":{"self":[{"href":"https:\/\/politicapatagonica.com\/index.php\/wp-json\/wp\/v2\/posts\/4041"}],"collection":[{"href":"https:\/\/politicapatagonica.com\/index.php\/wp-json\/wp\/v2\/posts"}],"about":[{"href":"https:\/\/politicapatagonica.com\/index.php\/wp-json\/wp\/v2\/types\/post"}],"author":[{"embeddable":true,"href":"https:\/\/politicapatagonica.com\/index.php\/wp-json\/wp\/v2\/users\/5"}],"replies":[{"embeddable":true,"href":"https:\/\/politicapatagonica.com\/index.php\/wp-json\/wp\/v2\/comments?post=4041"}],"version-history":[{"count":4,"href":"https:\/\/politicapatagonica.com\/index.php\/wp-json\/wp\/v2\/posts\/4041\/revisions"}],"predecessor-version":[{"id":4053,"href":"https:\/\/politicapatagonica.com\/index.php\/wp-json\/wp\/v2\/posts\/4041\/revisions\/4053"}],"wp:featuredmedia":[{"embeddable":true,"href":"https:\/\/politicapatagonica.com\/index.php\/wp-json\/wp\/v2\/media\/4042"}],"wp:attachment":[{"href":"https:\/\/politicapatagonica.com\/index.php\/wp-json\/wp\/v2\/media?parent=4041"}],"wp:term":[{"taxonomy":"category","embeddable":true,"href":"https:\/\/politicapatagonica.com\/index.php\/wp-json\/wp\/v2\/categories?post=4041"},{"taxonomy":"post_tag","embeddable":true,"href":"https:\/\/politicapatagonica.com\/index.php\/wp-json\/wp\/v2\/tags?post=4041"}],"curies":[{"name":"wp","href":"https:\/\/api.w.org\/{rel}","templated":true}]}}