{"id":4038,"date":"2024-05-17T21:30:22","date_gmt":"2024-05-17T21:30:22","guid":{"rendered":"https:\/\/politicapatagonica.com\/?p=4038"},"modified":"2024-05-17T21:30:24","modified_gmt":"2024-05-17T21:30:24","slug":"la-gran-charla-figuras-de-la-politica-y-de-organizaciones-intermedias-participaron-de-un-amplio-debate-en-el-salon-azul","status":"publish","type":"post","link":"https:\/\/politicapatagonica.com\/index.php\/2024\/05\/17\/la-gran-charla-figuras-de-la-politica-y-de-organizaciones-intermedias-participaron-de-un-amplio-debate-en-el-salon-azul\/","title":{"rendered":"&#8220;La Gran Charla&#8221;: Figuras de la pol\u00edtica y de organizaciones intermedias participaron de un amplio debate en el Sal\u00f3n Azul"},"content":{"rendered":"\n<p>El encuentro cont\u00f3 con la presencia de los intendentes de Trelew y Rawson, Gerardo Merino y Dami\u00e1n Biss, los concejales de Trelew Claudia Monaj\u00ed, Rub\u00e9n C\u00e1ceres, Mart\u00edn Luna, Daniel Asciutto y Bel\u00e9n Baskovc; el exintendente de Trelew Jorge Pitiot, los diputados provinciales Emanuel Coli\u00f1ir y Juan Pais, la titular de la UCR en Trelew, Florencia Rossi; el presidente de la CICECh, C\u00e9sar Pailacura; y el referente del merendero del barrio Inta; Federico Mercado.<\/p>\n\n\n\n<p><strong>COMUNICACION<\/strong><\/p>\n\n\n\n<p>El primer eje tem\u00e1tico fue en torno a la comunicaci\u00f3n y las redes sociales, donde los presentes expusieron diferentes visiones desde su rol, respecto al impacto de las redes sociales en la comunicaci\u00f3n tradicional y c\u00f3mo la comunidad puede acceder a la informaci\u00f3n.<\/p>\n\n\n\n<p>Desde los roles ejecutivos, como el caso del intendente de Rawson, destacaron el rol de las redes sociales para llegar a la comunidad con las acciones de Gobierno, mientras que desde los roles legislativos valoraron el poder llegar con la informaci\u00f3n de manera directa, en el caso de los roles opositores.<\/p>\n\n\n\n<p>Por su parte, Mercado, valor\u00f3 que las redes &#8220;son muy \u00fatiles&#8221; en los sectores de mayor vulnerabilidad, porque &#8220;Trelew es muy solidario, nunca nos falt\u00f3 nada porque en las redes gestionamos directamente con la gente, ese es el poder de las redes&#8221;.<\/p>\n\n\n\n<p>Otros aportes al respecto fueron los de la concejal Baskovc, que destac\u00f3 que el medio requiere de &#8220;capacitarse, formarse y tener responsabilidad&#8221;, al momento de informar a trav\u00e9s de las redes sociales. En igual sentido se manifest\u00f3 Asciutto, acotando que &#8220;hay que saber usar las redes&#8221;.<\/p>\n\n\n\n<p>Por su parte, el ex intendente Pitiot remarc\u00f3 que si bien las redes permiten un &#8220;ida y vuelta&#8221; m\u00e1s fluido, esto &#8220;ya pasaba con la AM, yo recib\u00eda agresiones a veces, pero la gente se comunicaba&#8221;, aclarando que \u00abrevalido el cara a cara&#8221;. En este punto, Monaj\u00ed sum\u00f3 que &#8220;en campa\u00f1a, la gente transmit\u00eda felicidad por el cara a cara&#8221;.<\/p>\n\n\n\n<p>Pailacura acot\u00f3 que desde su \u00f3ptica, m\u00e1s all\u00e1 del boom del momento, &#8220;se va a aminorar, habr\u00e1 menos impacto y surgir\u00e1 otro tipo de comunicaci\u00f3n&#8221;.<\/p>\n\n\n\n<p>En todas las exposiciones sobrevol\u00f3 lo ocurrido a nivel nacional con el presidente Javier Milei, quien vali\u00e9ndose de esta herramienta, logr\u00f3 posicionarse y acceder a la primera magistratura de la Naci\u00f3n.<\/p>\n\n\n\n<p><strong>&#8220;\u00bfQUE VOTA LA GENTE?&#8221;\u00a0<\/strong><\/p>\n\n\n\n<p>Esto dispar\u00f3 el otro eje desarrollado, &#8220;\u00bfQu\u00e9 vota la gente?&#8221;, en vista de lo que han generado las medidas adoptadas por el Gobierno nacional.<\/p>\n\n\n\n<p>El intendente Merino expres\u00f3 que mucho de esto se explica desde una visi\u00f3n comercial, &#8220;en las redes es el que mejor se vende&#8221;, mientras que el diputado Coli\u00f1ir sum\u00f3 que adem\u00e1s &#8220;la gente vota desde la emocionalidad&#8221;. Florencia Rossi sum\u00f3 que &#8220;tiene que ver con lo emocional, la gente est\u00e1 enojada y (Milei) supo manejarlo&#8221;.<\/p>\n\n\n\n<p>El diputado Pais sum\u00f3 otra definici\u00f3n en este aspecto, y remarc\u00f3 que &#8220;los espacios pol\u00edticos van cediendo hacia el personalismo, se elige m\u00e1s la est\u00e9tica que el fondo&#8221;. En relaci\u00f3n con esto, Monaj\u00ed plante\u00f3 la cuesti\u00f3n de la discusi\u00f3n pol\u00edtico-partidaria y consider\u00f3 que Milei &#8220;supo utilizar la grieta&#8221; en su favor, en l\u00ednea con la &#8220;emocionalidad&#8221; de las personas al momento de votar.<\/p>\n\n\n\n<p>Con estos conceptos, Baskovc analiz\u00f3 la foto del mi\u00e9rcoles de Ignacio Torres y Axel Kicillof, y remarc\u00f3 que &#8220;la gente vota a quien gestiona&#8221;.<\/p>\n\n\n\n<p><strong>DIALOGO<\/strong><\/p>\n\n\n\n<p>Otro de los temas abordados en &#8220;La Gran Charla&#8221; fue la cuesti\u00f3n del di\u00e1logo, donde los participantes aportaron diferentes consideraciones a tener en cuenta. &#8220;Di\u00e1logo hay&#8221;, sostuvo Merino en referencia a otros actores y espacios pol\u00edticos, mientras que el concejal Luna sum\u00f3 la cuesti\u00f3n de la &#8220;calidad&#8221; en el di\u00e1logo.<\/p>\n\n\n\n<p>Coli\u00f1ir, por su parte, remarc\u00f3 que el di\u00e1logo no implica coincidencias y \u00a0se debe pensar &#8220;para qu\u00e9, di\u00e1logo para qu\u00e9&#8221;. Monaj\u00ed traslad\u00f3 la cuesti\u00f3n del di\u00e1logo a la sociedad en general, y remarc\u00f3 que &#8220;el di\u00e1logo pol\u00edtico est\u00e1, pero hay que mirar para afuera&#8221;, hacia la comunidad en general.<\/p>\n\n\n\n<p>Mercado sigui\u00f3 esta l\u00ednea, y advirti\u00f3 que &#8220;falta di\u00e1logo entre la pol\u00edtica y la gente, desde hace muchos a\u00f1os en campa\u00f1a est\u00e1n los pol\u00edticos, pero despu\u00e9s es hasta la pr\u00f3xima campa\u00f1a&#8221;, por lo que enfatiz\u00f3 que esto tambi\u00e9n es parte de &#8220;la ruptura&#8221; entre el sector pol\u00edtico y la sociedad en general, retomando la cuesti\u00f3n de &#8220;qu\u00e9 vota la gente&#8221;.<\/p>\n\n\n\n<p>A esto, Pitiot sum\u00f3 que precisamente en esta &#8220;ruptura&#8221; entre la pol\u00edtica y la sociedad, &#8220;la gente vot\u00f3 \u2018que se pudra todo\u2019&#8221;.<\/p>\n\n\n\n<p><strong>IDENTIDAD CHUBUTENSE<\/strong><\/p>\n\n\n\n<p>Finalmente, se plante\u00f3 la cuesti\u00f3n de la identidad de Chubut y Trelew en este caso, a lo cual C\u00e1ceres subray\u00f3 que &#8220;somos una provincia joven y nuestra identidad est\u00e1 en construcci\u00f3n permanente&#8221;.<\/p>\n\n\n\n<p>El exintendente Pitiot plante\u00f3, en lo que respecta a la identidad de Trelew, que cuando \u00e9l estuvo a cargo del Ejecutivo municipal hab\u00eda una identidad que estaba dada por el parque industrial y el r\u00e9gimen de promoci\u00f3n, por lo cual consider\u00f3 que ante la situaci\u00f3n actual &#8220;es necesario pensar en una planificaci\u00f3n estrat\u00e9gica: planificaci\u00f3n f\u00edsica, econ\u00f3mica y social&#8221;, ya que de ah\u00ed saldr\u00e1 la identidad de Trelew.<\/p>\n\n\n\n<p>Frente a esto, el actual intendente Merino remarc\u00f3 que Trelew &#8220;tiene una identidad que viene de ser pioneros&#8221;, en diferentes aspectos a lo largo de estos m\u00e1s de 100 a\u00f1os, y sostuvo que en este sentido &#8220;la agenda se est\u00e1 planteando&#8221;.<\/p>\n\n\n\n<p>Sobre el final, Biss ampli\u00f3 la mirada y puso en valor que &#8220;los chubutenses saben del potencial&#8221;, se\u00f1alando que esto contribuye a la definici\u00f3n de la identidad.<\/p>\n\n\n\n<p><strong>Fuente: www.elchubut.com.ar<\/strong><\/p>\n","protected":false},"excerpt":{"rendered":"<p>El encuentro cont\u00f3 con la presencia de los intendentes de Trelew y Rawson, Gerardo Merino y Dami\u00e1n Biss, los concejales de Trelew Claudia Monaj\u00ed, Rub\u00e9n C\u00e1ceres, Mart\u00edn Luna, Daniel Asciutto y Bel\u00e9n Baskovc; el exintendente de Trelew Jorge Pitiot, los diputados provinciales Emanuel Coli\u00f1ir y Juan Pais, la titular de la UCR en Trelew, Florencia [&hellip;]<\/p>\n","protected":false},"author":5,"featured_media":4039,"comment_status":"open","ping_status":"open","sticky":false,"template":"","format":"standard","meta":[],"categories":[14],"tags":[],"_links":{"self":[{"href":"https:\/\/politicapatagonica.com\/index.php\/wp-json\/wp\/v2\/posts\/4038"}],"collection":[{"href":"https:\/\/politicapatagonica.com\/index.php\/wp-json\/wp\/v2\/posts"}],"about":[{"href":"https:\/\/politicapatagonica.com\/index.php\/wp-json\/wp\/v2\/types\/post"}],"author":[{"embeddable":true,"href":"https:\/\/politicapatagonica.com\/index.php\/wp-json\/wp\/v2\/users\/5"}],"replies":[{"embeddable":true,"href":"https:\/\/politicapatagonica.com\/index.php\/wp-json\/wp\/v2\/comments?post=4038"}],"version-history":[{"count":1,"href":"https:\/\/politicapatagonica.com\/index.php\/wp-json\/wp\/v2\/posts\/4038\/revisions"}],"predecessor-version":[{"id":4040,"href":"https:\/\/politicapatagonica.com\/index.php\/wp-json\/wp\/v2\/posts\/4038\/revisions\/4040"}],"wp:featuredmedia":[{"embeddable":true,"href":"https:\/\/politicapatagonica.com\/index.php\/wp-json\/wp\/v2\/media\/4039"}],"wp:attachment":[{"href":"https:\/\/politicapatagonica.com\/index.php\/wp-json\/wp\/v2\/media?parent=4038"}],"wp:term":[{"taxonomy":"category","embeddable":true,"href":"https:\/\/politicapatagonica.com\/index.php\/wp-json\/wp\/v2\/categories?post=4038"},{"taxonomy":"post_tag","embeddable":true,"href":"https:\/\/politicapatagonica.com\/index.php\/wp-json\/wp\/v2\/tags?post=4038"}],"curies":[{"name":"wp","href":"https:\/\/api.w.org\/{rel}","templated":true}]}}