{"id":4034,"date":"2024-05-16T21:56:54","date_gmt":"2024-05-16T21:56:54","guid":{"rendered":"https:\/\/politicapatagonica.com\/?p=4034"},"modified":"2024-05-20T11:12:59","modified_gmt":"2024-05-20T11:12:59","slug":"el-intendente-de-rio-gallegos-pablo-grasso-inauguro-el-primer-tramo-de-asfaltado","status":"publish","type":"post","link":"https:\/\/politicapatagonica.com\/index.php\/2024\/05\/16\/el-intendente-de-rio-gallegos-pablo-grasso-inauguro-el-primer-tramo-de-asfaltado\/","title":{"rendered":"Inauguran el primer tramo de asfaltado de una arteria fundamental para la capital de Santa Cruz"},"content":{"rendered":"\n<p><strong>El intendente de R\u00edo Gallegos, Pablo Grasso, inaugur\u00f3 el primer tramo de asfalto de la calle 22, comprendido entre la Ruta Nacional 3 y su intersecci\u00f3n con Calle 13, arteria fundamental en la transitabilidad de la capital de Santa Cruz<\/strong>, R\u00edo Gallegos, sobre todo porque comunica los barrios nuevos de la ciudad.<\/p>\n\n\n\n<p>Durante la ceremonia,\u00a0Pablo Grasso\u00a0estuvo acompa\u00f1ado por los integrantes del gabinete municipal, diputados, concejales, referentes gremiales, trabajadores, vecinos y vecinas.<\/p>\n\n\n\n<p><strong>La obra busca continuar el desarrollo urbano de la capital de Santa Cruz y atiende una demanda hist\u00f3rica de los vecinos. <\/strong>Adem\u00e1s, con este nuevo trayecto, <strong>en estos cinco a\u00f1os se han asfaltado m\u00e1s de 800 cuadras en todo R\u00edo Gallegos<\/strong>, que significan casi 80.000 metros de calles.<\/p>\n\n\n\n<p>Realizada por los trabajadores de la<strong> Secretar\u00eda de Construcci\u00f3n y Ordenamiento Territorial y fondos del Municipio, <\/strong>se trata de un trabajo que le permitir\u00e1 al Municipio seguir optimizando la traza vehicular.<\/p>\n\n\n\n<p>Luego de la presentaci\u00f3n, la secretaria del \u00e1rea responsable de los trabajos&nbsp;<strong>Natalia Quiroz<\/strong>&nbsp;destac\u00f3 el acompa\u00f1amiento de los vecinos y vecinas e hizo hincapi\u00e9 en el esfuerzo y la capacidad de los agentes comunales. <strong>\u201cEsta obra representa un gran avance para los riogalleguenses y nos permitir\u00e1 adem\u00e1s una mejor conexi\u00f3n con todos estos barrios nuevos; por eso tambi\u00e9n vamos a pedirle (a los automovilistas) que circulen con precauci\u00f3n\u201d<\/strong>, remat\u00f3.<\/p>\n\n\n\n<p>Entonces fue el turno del intendente, quien en primera instancia remarc\u00f3 que \u201cla misma obra que hicimos ac\u00e1 en&nbsp;<strong>R\u00edo Gallegos<\/strong>&nbsp;se realiz\u00f3 en otras provincias. Renovamos la&nbsp;<strong>avenida N\u00e9stor Kirchner y tambi\u00e9n la avenida San Mart\u00edn<\/strong>. Me da orgullo pertenecer a una estructura que dio mucho a R\u00edo Gallegos y mucho tiempo estuvieron esperando los recursos para cambiar la realidad de la ciudad\u201d, dijo.<\/p>\n\n\n\n<p>M\u00e1s adelante, Grasso enfatiz\u00f3 que <strong>a la ciudad \u201cla construimos entre todos y debemos defenderla entre todos\u201d y cuestion\u00f3 \u201ca quienes piensan que atacando a una figura pol\u00edtica perjudican el crecimiento\u201d.<\/strong><\/p>\n\n\n\n<p>\u201cLes pido que no defiendan al jefe o al intendente, sino a los habitantes de R\u00edo Gallegos. Me dec\u00edan que era imposible asfaltar este barrio, pero lo hicimos. Las cosas se pueden hacer si hay decisi\u00f3n pol\u00edtica. Hoy, que tenemos un gobierno nacional y otro provincial que no acompa\u00f1an, lo seguimos haciendo. Guarda que nos toquen los recursos de los habitantes de R\u00edo Gallegos \u2013advirti\u00f3-. <strong>Ac\u00e1 estaremos defendiendo, trabajando y haciendo la capital que pensaron nuestros compa\u00f1eros. Estoy orgulloso de pertenecer a este Municipio y de inaugurar este lugar. Ahora viene de la 13 para all\u00e1 y continuaremos haciendo asfalto e infraestructura\u201d, cerr\u00f3.<\/strong><\/p>\n\n\n\n<p>En agosto del a\u00f1o pasado, el jefe comunal le anunci\u00f3 al dirigente barrial del barrio Ayres Argentinos,&nbsp;<strong>Mauro Morelli<\/strong>&nbsp;que las obras de pavimentaci\u00f3n y cloacas para la calle 22 llegar\u00e1n hasta el barrio.<strong> \u201cEstamos muy felices porque el intendente nos confirm\u00f3 la extensi\u00f3n de asfalto de la calle 22, con la obra de cloacas, y que va a llegar hasta la plaza del Ayres Argentinos, hasta el final de la 22\u2033, dijo el presidente de la junta vecinal.<\/strong><\/p>\n\n\n\n<p><strong>Fuente: laopinionaustral.com.ar<\/strong><\/p>\n\n\n\n<p><\/p>\n","protected":false},"excerpt":{"rendered":"<p>El intendente de R\u00edo Gallegos, Pablo Grasso, inaugur\u00f3 el primer tramo de asfalto de la calle 22, comprendido entre la Ruta Nacional 3 y su intersecci\u00f3n con Calle 13, arteria fundamental en la transitabilidad de la capital de Santa Cruz, R\u00edo Gallegos, sobre todo porque comunica los barrios nuevos de la ciudad. Durante la ceremonia,\u00a0Pablo [&hellip;]<\/p>\n","protected":false},"author":5,"featured_media":4035,"comment_status":"open","ping_status":"open","sticky":false,"template":"","format":"standard","meta":[],"categories":[8],"tags":[],"_links":{"self":[{"href":"https:\/\/politicapatagonica.com\/index.php\/wp-json\/wp\/v2\/posts\/4034"}],"collection":[{"href":"https:\/\/politicapatagonica.com\/index.php\/wp-json\/wp\/v2\/posts"}],"about":[{"href":"https:\/\/politicapatagonica.com\/index.php\/wp-json\/wp\/v2\/types\/post"}],"author":[{"embeddable":true,"href":"https:\/\/politicapatagonica.com\/index.php\/wp-json\/wp\/v2\/users\/5"}],"replies":[{"embeddable":true,"href":"https:\/\/politicapatagonica.com\/index.php\/wp-json\/wp\/v2\/comments?post=4034"}],"version-history":[{"count":2,"href":"https:\/\/politicapatagonica.com\/index.php\/wp-json\/wp\/v2\/posts\/4034\/revisions"}],"predecessor-version":[{"id":4049,"href":"https:\/\/politicapatagonica.com\/index.php\/wp-json\/wp\/v2\/posts\/4034\/revisions\/4049"}],"wp:featuredmedia":[{"embeddable":true,"href":"https:\/\/politicapatagonica.com\/index.php\/wp-json\/wp\/v2\/media\/4035"}],"wp:attachment":[{"href":"https:\/\/politicapatagonica.com\/index.php\/wp-json\/wp\/v2\/media?parent=4034"}],"wp:term":[{"taxonomy":"category","embeddable":true,"href":"https:\/\/politicapatagonica.com\/index.php\/wp-json\/wp\/v2\/categories?post=4034"},{"taxonomy":"post_tag","embeddable":true,"href":"https:\/\/politicapatagonica.com\/index.php\/wp-json\/wp\/v2\/tags?post=4034"}],"curies":[{"name":"wp","href":"https:\/\/api.w.org\/{rel}","templated":true}]}}