{"id":4031,"date":"2024-05-16T19:59:57","date_gmt":"2024-05-16T19:59:57","guid":{"rendered":"https:\/\/politicapatagonica.com\/?p=4031"},"modified":"2024-05-20T11:07:42","modified_gmt":"2024-05-20T11:07:42","slug":"el-subregimen-de-promocion-no-se-modificara-afirmo-el-jefe-de-gabinete-de-ministros","status":"publish","type":"post","link":"https:\/\/politicapatagonica.com\/index.php\/2024\/05\/16\/el-subregimen-de-promocion-no-se-modificara-afirmo-el-jefe-de-gabinete-de-ministros\/","title":{"rendered":"Aseguran que el actual r\u00e9gimen de exenci\u00f3n impositiva para Tierra del Fuego no ser\u00e1 modificada"},"content":{"rendered":"\n<p><br>En el marco de la sesi\u00f3n informativa en el Senado, <strong>el Jefe de Gabinete de la Naci\u00f3n, Nicol\u00e1s Posse, afirm\u00f3 que la Ley 19.640, que estableci\u00f3 el actual r\u00e9gimen de exenci\u00f3n impositiva para Tierra del Fuego no ser\u00e1 modificada por v\u00eda parlamentaria. <\/strong>El funcionario nacional reiter\u00f3 las palabras del presidente Javier Milei, destacando que esta legislaci\u00f3n constituye un &#8220;derecho adquirido&#8221; para la provincia en lo que respecta al subr\u00e9gimen de promoci\u00f3n industrial.<\/p>\n\n\n\n<p><strong>Las declaraciones de Posse en el Senado se producen en medio de permanentes ataques pol\u00edticos y medi\u00e1ticos<\/strong>, en donde se cuestiona sobre la base de una profunda incomprensi\u00f3n de los alcances de la Ley 19.640, que solo podr\u00eda ser modificada por el Congreso Nacional, y el subr\u00e9gimen de promoci\u00f3n industrial que fue recientemente extendido a trav\u00e9s de un Decreto Nacional firmado por el ex presidente Alberto Fern\u00e1ndez.<\/p>\n\n\n\n<p>Posse se present\u00f3 ante el plenario de Senadores Nacionales para brindar un informe de gesti\u00f3n y responder a m\u00e1s de 1.300 preguntas de los parlamentarios, en el contexto del debate sobre los proyectos de Ley Bases y el Paquete Fiscal. Entre las consultas, el senador fueguino Pablo Daniel Blanco (UCR) plante\u00f3 su preocupaci\u00f3n por el futuro de la Promoci\u00f3n Industrial y los planes de construcci\u00f3n de una Base Naval Integrada en Ushuaia.<\/p>\n\n\n\n<p>Blanco, reflejando las inquietudes de los residentes de Tierra del Fuego, cuestion\u00f3 directamente al funcionario sobre la postura oficial del Gobierno Nacional respecto a la Promoci\u00f3n Industrial. En respuesta, el Jefe de Gabinete nacional record\u00f3 la pr\u00f3rroga otorgada durante la administraci\u00f3n de Alberto Fern\u00e1ndez, primero por decreto y luego ratificada por el Congreso. <strong>&#8220;Esto es un derecho adquirido, que ha sido ratificado por Ley&#8221;<\/strong>, afirm\u00f3 Posse, reiterando el compromiso del gobierno con el respeto a los contratos y derechos existentes.<\/p>\n\n\n\n<p>El senador Blanco tambi\u00e9n interrog\u00f3 a Posse sobre los anuncios relativos a la <strong>Base Naval en Ushuaia<\/strong>. La mano derecha del presidente Milei, visiblemente dependiente de la informaci\u00f3n proporcionada por sus asesores, tuvo dificultades para encontrar una respuesta completa entre los papeles que le entregaban. Finalmente, recurriendo a su memoria, Posse aclar\u00f3 que se trata de una base integral, destinada a servir tanto a las unidades de la Armada Argentina como a los barcos que transitan entre Ushuaia y la Ant\u00e1rtida Argentina. &#8220;En ning\u00fan momento se plante\u00f3 hacerlo con los Estados Unidos&#8221;, subray\u00f3 Posse.<\/p>\n\n\n\n<p>El Jefe de Gabinete explic\u00f3 que la base busca proporcionar servicios de mantenimiento y reparaci\u00f3n a las embarcaciones en tr\u00e1nsito por la regi\u00f3n. Esta iniciativa se presenta como una respuesta estrat\u00e9gica a las necesidades log\u00edsticas derivadas del tr\u00e1nsito mar\u00edtimo entre Ushuaia y la Ant\u00e1rtida, reforzando la presencia argentina en una zona de alta relevancia geopol\u00edtica.<\/p>\n\n\n\n<p><strong>Fuente: www.eldiariodelfindelmundo.com<\/strong><\/p>\n","protected":false},"excerpt":{"rendered":"<p>En el marco de la sesi\u00f3n informativa en el Senado, el Jefe de Gabinete de la Naci\u00f3n, Nicol\u00e1s Posse, afirm\u00f3 que la Ley 19.640, que estableci\u00f3 el actual r\u00e9gimen de exenci\u00f3n impositiva para Tierra del Fuego no ser\u00e1 modificada por v\u00eda parlamentaria. El funcionario nacional reiter\u00f3 las palabras del presidente Javier Milei, destacando que esta [&hellip;]<\/p>\n","protected":false},"author":5,"featured_media":4032,"comment_status":"open","ping_status":"open","sticky":false,"template":"","format":"standard","meta":[],"categories":[11],"tags":[],"_links":{"self":[{"href":"https:\/\/politicapatagonica.com\/index.php\/wp-json\/wp\/v2\/posts\/4031"}],"collection":[{"href":"https:\/\/politicapatagonica.com\/index.php\/wp-json\/wp\/v2\/posts"}],"about":[{"href":"https:\/\/politicapatagonica.com\/index.php\/wp-json\/wp\/v2\/types\/post"}],"author":[{"embeddable":true,"href":"https:\/\/politicapatagonica.com\/index.php\/wp-json\/wp\/v2\/users\/5"}],"replies":[{"embeddable":true,"href":"https:\/\/politicapatagonica.com\/index.php\/wp-json\/wp\/v2\/comments?post=4031"}],"version-history":[{"count":2,"href":"https:\/\/politicapatagonica.com\/index.php\/wp-json\/wp\/v2\/posts\/4031\/revisions"}],"predecessor-version":[{"id":4047,"href":"https:\/\/politicapatagonica.com\/index.php\/wp-json\/wp\/v2\/posts\/4031\/revisions\/4047"}],"wp:featuredmedia":[{"embeddable":true,"href":"https:\/\/politicapatagonica.com\/index.php\/wp-json\/wp\/v2\/media\/4032"}],"wp:attachment":[{"href":"https:\/\/politicapatagonica.com\/index.php\/wp-json\/wp\/v2\/media?parent=4031"}],"wp:term":[{"taxonomy":"category","embeddable":true,"href":"https:\/\/politicapatagonica.com\/index.php\/wp-json\/wp\/v2\/categories?post=4031"},{"taxonomy":"post_tag","embeddable":true,"href":"https:\/\/politicapatagonica.com\/index.php\/wp-json\/wp\/v2\/tags?post=4031"}],"curies":[{"name":"wp","href":"https:\/\/api.w.org\/{rel}","templated":true}]}}