{"id":4024,"date":"2024-05-15T21:02:36","date_gmt":"2024-05-15T21:02:36","guid":{"rendered":"https:\/\/politicapatagonica.com\/?p=4024"},"modified":"2024-05-16T12:05:07","modified_gmt":"2024-05-16T12:05:07","slug":"neuquen-a-un-paso-de-cobrar-el-uso-de-sus-rios-a-las-empresas-hidroelectricas","status":"publish","type":"post","link":"https:\/\/politicapatagonica.com\/index.php\/2024\/05\/15\/neuquen-a-un-paso-de-cobrar-el-uso-de-sus-rios-a-las-empresas-hidroelectricas\/","title":{"rendered":"Neuqu\u00e9n, a un paso de cobrar el uso de sus r\u00edos a las empresas hidroel\u00e9ctricas"},"content":{"rendered":"\n<p>Los diputados de la comisi\u00f3n de Energ\u00eda dieron hoy despacho un\u00e1nime al proyecto para cobrarle un&nbsp;<strong>canon por el uso del agua de los r\u00edos a las&nbsp;empresas hidroel\u00e9ctricas<\/strong>&nbsp;que est\u00e1n en Neuqu\u00e9n. La iniciativa hab\u00eda sido promovida por el Movimiento Popular Neuquino, pero recibi\u00f3 aportes de todos los bloques y qued\u00f3 a un paso de convertirse en ley. Fijar\u00e1 un&nbsp;<strong>valor m\u00e1ximo en d\u00f3lares por metro c\u00fabico<\/strong>&nbsp;con el cual la provincia podr\u00eda recaudar hasta 15.700 millones de d\u00f3lares por a\u00f1o.<\/p>\n\n\n\n<p>Seg\u00fan se defini\u00f3 este mi\u00e9rcoles, el canon ser\u00e1 liquidado de manera mensual y tendr\u00e1 un<strong>&nbsp;valor que no podr\u00e1 superar los 0,5 d\u00f3lares por metro c\u00fabico de agua.<\/strong>&nbsp;La definici\u00f3n ser\u00e1 del Poder Ejecutivo, que tambi\u00e9n quedar\u00e1 facultado con esta ley a cobrarlo total o parcialmente en especie.<\/p>\n\n\n\n<p>Para el c\u00e1lculo del cobro en los casos de aprovechamientos multiprop\u00f3sitos implantados sobre un curso de agua que sea l\u00edmite interprovincial, \u00abse tomar\u00e1 el 50% del volumen total de agua utilizado para generaci\u00f3n de energ\u00eda hidroel\u00e9ctrica\u00bb, se estableci\u00f3.<\/p>\n\n\n\n<p>El dinero que se recaude por ese concepto ir\u00e1 en un<strong>&nbsp;70% a la elaboraci\u00f3n y ejecuci\u00f3n de proyectos de energ\u00edas sustentables<\/strong>&nbsp;(hidroel\u00e9ctrica, solar, e\u00f3lica, geot\u00e9rmica) y para obras de infraestructura el\u00e9ctrica de transporte y distribuci\u00f3n. Otro&nbsp;<strong>22% se repartir\u00e1 entre los municipios comprendidos en la ley de coparticipaci\u00f3n&nbsp;<\/strong>provincial y el restante 8% a municipios y comisiones de fomento que no est\u00e1n incluidos en el r\u00e9gimen.<\/p>\n\n\n\n<p>Seg\u00fan hab\u00eda expuesto el exrepresentante de Emhidro, El\u00edas Sapag, en su paso por la Legislatura, por las cuencas de los r\u00edos Limay y Neuqu\u00e9n, circulan cerca de 50.000 millones de metros c\u00fabicos al a\u00f1o. Si se calcula el turbinado que le corresponder\u00eda a la provincia de Neuqu\u00e9n,&nbsp;<strong>el volumen de metros c\u00fabicos ascender\u00eda a 31.536 millones.<\/strong><\/p>\n\n\n\n<h5>Con esa informaci\u00f3n, hab\u00eda estimado una recaudaci\u00f3n para la provincia de 47 millones de d\u00f3lares anuales si se cobraba un canon de 0,0015 d\u00f3lares por metro c\u00fabico. Si el monto, en cambio,&nbsp;<strong>fuera de 0,5 d\u00f3lares<\/strong>, como es el m\u00e1ximo fijado en el proyecto,<strong>&nbsp;ingresar\u00edan m\u00e1s de 15.700 millones de d\u00f3lares.<\/strong><\/h5>\n\n\n\n<p>En&nbsp;<strong>R\u00edo Negro<\/strong>&nbsp;ya aprobaron una ley similar a propuesta del gobernador Alberto Weretilneck, aunque&nbsp;<strong>el valor que se fij\u00f3 es distinto<\/strong>:&nbsp;se plante\u00f3 el cobro en hasta &#8220;el 5% del monto facturado por toda venta&nbsp;que el concesionario del aprovechamiento&#8221; de aguas p\u00fablicas. La estimaci\u00f3n que hizo la provincia es de una recaudaci\u00f3n de 5 millones de d\u00f3lares al a\u00f1o.<\/p>\n\n\n\n<p><strong>Fuente: www.rionegro.com.ar<\/strong><\/p>\n","protected":false},"excerpt":{"rendered":"<p>Los diputados de la comisi\u00f3n de Energ\u00eda dieron hoy despacho un\u00e1nime al proyecto para cobrarle un&nbsp;canon por el uso del agua de los r\u00edos a las&nbsp;empresas hidroel\u00e9ctricas&nbsp;que est\u00e1n en Neuqu\u00e9n. La iniciativa hab\u00eda sido promovida por el Movimiento Popular Neuquino, pero recibi\u00f3 aportes de todos los bloques y qued\u00f3 a un paso de convertirse en [&hellip;]<\/p>\n","protected":false},"author":5,"featured_media":4030,"comment_status":"open","ping_status":"open","sticky":false,"template":"","format":"standard","meta":[],"categories":[9],"tags":[],"_links":{"self":[{"href":"https:\/\/politicapatagonica.com\/index.php\/wp-json\/wp\/v2\/posts\/4024"}],"collection":[{"href":"https:\/\/politicapatagonica.com\/index.php\/wp-json\/wp\/v2\/posts"}],"about":[{"href":"https:\/\/politicapatagonica.com\/index.php\/wp-json\/wp\/v2\/types\/post"}],"author":[{"embeddable":true,"href":"https:\/\/politicapatagonica.com\/index.php\/wp-json\/wp\/v2\/users\/5"}],"replies":[{"embeddable":true,"href":"https:\/\/politicapatagonica.com\/index.php\/wp-json\/wp\/v2\/comments?post=4024"}],"version-history":[{"count":2,"href":"https:\/\/politicapatagonica.com\/index.php\/wp-json\/wp\/v2\/posts\/4024\/revisions"}],"predecessor-version":[{"id":4029,"href":"https:\/\/politicapatagonica.com\/index.php\/wp-json\/wp\/v2\/posts\/4024\/revisions\/4029"}],"wp:featuredmedia":[{"embeddable":true,"href":"https:\/\/politicapatagonica.com\/index.php\/wp-json\/wp\/v2\/media\/4030"}],"wp:attachment":[{"href":"https:\/\/politicapatagonica.com\/index.php\/wp-json\/wp\/v2\/media?parent=4024"}],"wp:term":[{"taxonomy":"category","embeddable":true,"href":"https:\/\/politicapatagonica.com\/index.php\/wp-json\/wp\/v2\/categories?post=4024"},{"taxonomy":"post_tag","embeddable":true,"href":"https:\/\/politicapatagonica.com\/index.php\/wp-json\/wp\/v2\/tags?post=4024"}],"curies":[{"name":"wp","href":"https:\/\/api.w.org\/{rel}","templated":true}]}}