{"id":4021,"date":"2024-05-15T20:38:51","date_gmt":"2024-05-15T20:38:51","guid":{"rendered":"https:\/\/politicapatagonica.com\/?p=4021"},"modified":"2024-05-16T12:02:31","modified_gmt":"2024-05-16T12:02:31","slug":"torres-y-kicillof-firmaron-convenio-de-cooperacion-para-el-arribo-de-ambulancias-a-chubut","status":"publish","type":"post","link":"https:\/\/politicapatagonica.com\/index.php\/2024\/05\/15\/torres-y-kicillof-firmaron-convenio-de-cooperacion-para-el-arribo-de-ambulancias-a-chubut\/","title":{"rendered":"Torres y Kicillof firmaron convenio de cooperaci\u00f3n para el arribo de ambulancias a Chubut"},"content":{"rendered":"\n<p>Este mi\u00e9rcoles, el gobernador de Chubut,&nbsp;<strong>Ignacio Torres<\/strong>, recibi\u00f3 en Rawson a su par de la provincia de Buenos Aires,&nbsp;<strong>Axel Kicillof<\/strong>, para firmar un acuerdo de colaboraci\u00f3n y cooperaci\u00f3n donde se prev\u00e9 la&nbsp;<strong>entrega de 15 nuevas ambulancias para reforzar el sistema sanitario chubutense<\/strong>. Ambos mandatarios estuvieron&nbsp;acompa\u00f1ados por los titulares de las carteras Salud de los distritos, Sergio Wisky&nbsp;y Nicol\u00e1s Kreplak.<\/p>\n\n\n\n<p>El acuerdo tiene un plazo de vigencia de 24 meses y las 15 nuevas ambulancias ser\u00e1n distribuidas en&nbsp;<strong>Trelew, Puerto Madryn, Rawson, Jos\u00e9 de San Mart\u00edn, Lago Puelo, Epuy\u00e9n, Las Plumas, Camarones, Sarmiento, Gaiman, Dolavon, Tecka, R\u00edo Senguer, el puesto de Garayalde y Gastre.<\/strong><\/p>\n\n\n\n<p>En la ocasi\u00f3n, el gobernador chubutense Ignacio Torres&nbsp;puso en valor el convenio suscrito y remarc\u00f3 que &#8220;lo que importa tiene que ver con&nbsp;\u00bfPor qu\u00e9 estamos ac\u00e1? \u00bfPara qu\u00e9 hacemos pol\u00edtica? \u00bfPara qu\u00e9 gobernamos?&#8221;,&nbsp;destacando el poder llegar este tipo de acuerdos independientemente de la cuesti\u00f3n pol\u00edtico-partidaria.<\/p>\n\n\n\n<p>Plante\u00f3 que &#8220;Axel se puede haber formado en las inferiores de River, yo me form\u00e9 en las inferiores de Boca, pero \u00bf<strong>C\u00f3mo no vamos a patear para el mismo lado cuando hablamos de salud?&nbsp;<\/strong>\u00bfC\u00f3mo no nos vamos a poner de acuerdo cuando hablamos de salud p\u00fablica, cuando hablamos de esos argentinos que necesitan respuesta?&#8221;, sentenci\u00f3.<\/p>\n\n\n\n<p>En cuanto al convenio en s\u00ed, explic\u00f3 que es &#8220;un&nbsp;<strong>comodato<\/strong>, un enroque donde&nbsp;<strong>tenemos las ambulancias de manera inmediata<\/strong>&nbsp;para resolverle un problema concreto a la ciudadan\u00eda y despu\u00e9s se licita bajando los costos.<strong>&nbsp;Es una medida de gesti\u00f3n de eficiencia&#8221;<\/strong>, valor\u00f3 y revel\u00f3 que dialog\u00f3 con Kicillof sobre&nbsp;aplicar este esquema en &#8220;cuestiones como&nbsp;chalecos para la polic\u00eda y un mont\u00f3n de licitaciones m\u00e1s que cuanto m\u00e1s escala se le da se bajan los costos&#8221;.<\/p>\n\n\n\n<p>&#8220;<strong>Eso hace m\u00e1s eficiente el manejo de los recursos de todos los chubutenses<\/strong>&#8220;, insisti\u00f3 y destac\u00f3 que van en sinton\u00eda con &#8220;una Argentina federal&#8221;.<\/p>\n\n\n\n<p>&#8220;Yo creo en una Argentina m\u00e1s justa, creo en una Argentina federal y creo que generacionalmente tenemos que dar la pelea de poder ponernos de acuerdo, tener el coraje para levantar la cabeza de esa grieta inconducente, berreta y tuitera, y que cada vez que podamos resolverle un problema a un ciudadano, independientemente de la provincia en la que viva,&nbsp;<strong>estar juntos para resolver ese problema&#8221;,&nbsp;<\/strong>enfatiz\u00f3.<\/p>\n\n\n\n<p>&#8220;Ya habr\u00e1&nbsp;tiempo para competir en las elecciones. Ahora es momento de parar la pelota, levantar la cabeza y dar respuestas a la gente&#8221;, continu\u00f3 y cerr\u00f3 puntualizando que &#8220;<strong>este es el primero de muchos acuerdos con distintas provincias<\/strong>&nbsp;de distintos colores partidarios. Porque hay mucho para aprender&#8221;.<\/p>\n\n\n\n<p>Por su parte, el gobernador bonaerense,&nbsp;<strong>Axel Kicillof<\/strong>, valor\u00f3 las expresiones de Torres y destac\u00f3 el convenio suscripto, porque &#8220;hay una urgencia y una necesidad -y- la ambulancia es una forma muy tangible del Estado presente&#8221;.<\/p>\n\n\n\n<p>Remarc\u00f3 que &#8220;<strong>con Nacho venimos trabajando&nbsp;<\/strong>(en este esquema)&nbsp;<strong>hace un tiempo<\/strong>, surgi\u00f3 en el \u00e1rea de Salud, pero&nbsp;<strong>queremos ampliarlo a diferentes \u00e1reas de colaboraci\u00f3n<\/strong>, porque hay una situaci\u00f3n novedosa donde&nbsp;<strong>no hay ayuda y no hay recursos del Estado nacional&#8221;<\/strong>.<\/p>\n\n\n\n<p>Frente a ello, plante\u00f3 &#8220;\u00bfQu\u00e9 es el federalismo?&nbsp;El federalismo es esto, el federalismo no es que las provincias argentinas simplemente&nbsp;se relacionen con el Estado Nacional;&nbsp;el federalismo es que las provincias componen el territorio, la constituci\u00f3n, pero&nbsp;<strong>existe&nbsp;en la Naci\u00f3n<\/strong>. (Las provincias) hicimos determinados acuerdos, a cambio de que nos den algo que hoy est\u00e1 faltando, pero tambi\u00e9n&nbsp;<strong>el federalismo son las provincias unidas<\/strong>, es un acuerdo entre las diferentes partes integrantes de este pa\u00eds&#8221;.<\/p>\n\n\n\n<p>En esta l\u00ednea, valor\u00f3 que &#8220;a nosotros nos parece que la Salud es un derecho, en la provincia de Buenos Aires y en todo el pa\u00eds;&nbsp;y como la Salud es un derecho, si Chubut puede valerse de un recurso que nosotros podemos facilitarlo, y bueno,&nbsp;<strong>no importa el partido pol\u00edtico, importa que hay argentinos y argentinas que necesitan algo que la provincia puede&nbsp;hacer&#8221;.<\/strong><\/p>\n\n\n\n<p>&#8220;Esa es la&nbsp;decisi\u00f3n que hemos tomado, me parece que&nbsp;<strong>abre un camino que adem\u00e1s permite recorrerse de una forma muy consistente<\/strong>, m\u00e1s all\u00e1 del Gobierno nacional que haya&#8221;, cerr\u00f3.<\/p>\n\n\n\n<p><strong>Fuente: www.elchubut.com.ar<\/strong><\/p>\n","protected":false},"excerpt":{"rendered":"<p>Este mi\u00e9rcoles, el gobernador de Chubut,&nbsp;Ignacio Torres, recibi\u00f3 en Rawson a su par de la provincia de Buenos Aires,&nbsp;Axel Kicillof, para firmar un acuerdo de colaboraci\u00f3n y cooperaci\u00f3n donde se prev\u00e9 la&nbsp;entrega de 15 nuevas ambulancias para reforzar el sistema sanitario chubutense. Ambos mandatarios estuvieron&nbsp;acompa\u00f1ados por los titulares de las carteras Salud de los distritos, [&hellip;]<\/p>\n","protected":false},"author":5,"featured_media":4022,"comment_status":"open","ping_status":"open","sticky":false,"template":"","format":"standard","meta":[],"categories":[14],"tags":[],"_links":{"self":[{"href":"https:\/\/politicapatagonica.com\/index.php\/wp-json\/wp\/v2\/posts\/4021"}],"collection":[{"href":"https:\/\/politicapatagonica.com\/index.php\/wp-json\/wp\/v2\/posts"}],"about":[{"href":"https:\/\/politicapatagonica.com\/index.php\/wp-json\/wp\/v2\/types\/post"}],"author":[{"embeddable":true,"href":"https:\/\/politicapatagonica.com\/index.php\/wp-json\/wp\/v2\/users\/5"}],"replies":[{"embeddable":true,"href":"https:\/\/politicapatagonica.com\/index.php\/wp-json\/wp\/v2\/comments?post=4021"}],"version-history":[{"count":2,"href":"https:\/\/politicapatagonica.com\/index.php\/wp-json\/wp\/v2\/posts\/4021\/revisions"}],"predecessor-version":[{"id":4028,"href":"https:\/\/politicapatagonica.com\/index.php\/wp-json\/wp\/v2\/posts\/4021\/revisions\/4028"}],"wp:featuredmedia":[{"embeddable":true,"href":"https:\/\/politicapatagonica.com\/index.php\/wp-json\/wp\/v2\/media\/4022"}],"wp:attachment":[{"href":"https:\/\/politicapatagonica.com\/index.php\/wp-json\/wp\/v2\/media?parent=4021"}],"wp:term":[{"taxonomy":"category","embeddable":true,"href":"https:\/\/politicapatagonica.com\/index.php\/wp-json\/wp\/v2\/categories?post=4021"},{"taxonomy":"post_tag","embeddable":true,"href":"https:\/\/politicapatagonica.com\/index.php\/wp-json\/wp\/v2\/tags?post=4021"}],"curies":[{"name":"wp","href":"https:\/\/api.w.org\/{rel}","templated":true}]}}