{"id":3999,"date":"2024-05-13T21:10:33","date_gmt":"2024-05-13T21:10:33","guid":{"rendered":"https:\/\/politicapatagonica.com\/?p=3999"},"modified":"2024-05-14T23:19:53","modified_gmt":"2024-05-14T23:19:53","slug":"aumento-a-los-empleados-publicos-gobierno-de-santa-cruz-propuso-una-mejora-en-la-paritaria-central","status":"publish","type":"post","link":"https:\/\/politicapatagonica.com\/index.php\/2024\/05\/13\/aumento-a-los-empleados-publicos-gobierno-de-santa-cruz-propuso-una-mejora-en-la-paritaria-central\/","title":{"rendered":"Aumento a empleados p\u00fablicos: Gobierno de Santa Cruz propuso una mejora en la paritaria central"},"content":{"rendered":"\n<p>Funcionarios del <strong>Gobierno de Santa Cruz y los 4 sindicatos estatales de la provincia se volvieron a reunir en el marco de la Paritaria Central<\/strong> para continuar con la negociaci\u00f3n salarial que hab\u00eda quedad postergada la semana pasada.<\/p>\n\n\n\n<p><strong>El Gobierno ofreci\u00f3 a partir del 1\u00b0 de mayo, elevar el valor de la US a $1082,81 y el el c\u00f3digo de pertenencia<\/strong>, quedando la cantidad de US para los agrupamientos: Servicios Auxiliares 105 US, Administrativo 116 US, T\u00e9cnico 119 US, Profesional 126 US.<\/p>\n\n\n\n<p>El incremento salarial \u201ctiene alcance para el sector pasivo (jubilados y pensionados) y Comisiones de Fomento\u201d, aclararon los funcionarios, quienes dijeron que en caso de que sea aprobada la oferta se volver\u00edan a reunir en la primera semana de julio.<\/p>\n\n\n\n<p>Adem\u00e1s indicaron que si la propuesta era aceptada este mismo lunes -lo que no sucedi\u00f3-, \u201cel sector pasivo podr\u00e1 cobrar el incremento el 24 de este mes; caso contrario ser\u00e1 por complementaria. En el caso del sector activo, se realizar\u00e1 el m\u00e1ximo esfuerzo para ser percibido con los haberes de este mes\u201d.<\/p>\n\n\n\n<p><strong>Los gremios solicitaron que el incremento salarial impacte a partir del mes de abril<\/strong> y se llevaron la oferta para ser analizada en asambleas.<\/p>\n\n\n\n<p>Una de las \u00faltimas propuestas para el universo de trabajadores de la\u00a0<strong>ex Ley 591<\/strong>\u00a0hab\u00eda consistido en un incremento del\u00a0<strong>12%<\/strong>\u00a0con los haberes de\u00a0<strong>abril<\/strong>,\u00a0<strong>remunerativo y acumulativo<\/strong>, ya otorgado por\u00a0<strong>Decreto Provincial 0290\/24<\/strong>.<\/p>\n\n\n\n<p>Tambi\u00e9n incrementar el\u00a0<strong>8% con los haberes de abril<\/strong>\u00a0con car\u00e1cter<strong>\u00a0acumulativo y no remunerativo<\/strong>. E incrementar el\u00a0<strong>8% con los salarios de mayo<\/strong>\u00a0con car\u00e1cter\u00a0<strong>acumulativo y no remunerativo<\/strong>. Los sindicatos ya hab\u00edan rechazado esta oferta del Ejecutivo por ser no remunerativa.<\/p>\n\n\n\n<p><strong>Fuente: www.laopinionaustral.com.ar<\/strong><\/p>\n","protected":false},"excerpt":{"rendered":"<p>Funcionarios del Gobierno de Santa Cruz y los 4 sindicatos estatales de la provincia se volvieron a reunir en el marco de la Paritaria Central para continuar con la negociaci\u00f3n salarial que hab\u00eda quedad postergada la semana pasada. El Gobierno ofreci\u00f3 a partir del 1\u00b0 de mayo, elevar el valor de la US a $1082,81 [&hellip;]<\/p>\n","protected":false},"author":5,"featured_media":4000,"comment_status":"open","ping_status":"open","sticky":false,"template":"","format":"standard","meta":[],"categories":[8],"tags":[],"_links":{"self":[{"href":"https:\/\/politicapatagonica.com\/index.php\/wp-json\/wp\/v2\/posts\/3999"}],"collection":[{"href":"https:\/\/politicapatagonica.com\/index.php\/wp-json\/wp\/v2\/posts"}],"about":[{"href":"https:\/\/politicapatagonica.com\/index.php\/wp-json\/wp\/v2\/types\/post"}],"author":[{"embeddable":true,"href":"https:\/\/politicapatagonica.com\/index.php\/wp-json\/wp\/v2\/users\/5"}],"replies":[{"embeddable":true,"href":"https:\/\/politicapatagonica.com\/index.php\/wp-json\/wp\/v2\/comments?post=3999"}],"version-history":[{"count":2,"href":"https:\/\/politicapatagonica.com\/index.php\/wp-json\/wp\/v2\/posts\/3999\/revisions"}],"predecessor-version":[{"id":4011,"href":"https:\/\/politicapatagonica.com\/index.php\/wp-json\/wp\/v2\/posts\/3999\/revisions\/4011"}],"wp:featuredmedia":[{"embeddable":true,"href":"https:\/\/politicapatagonica.com\/index.php\/wp-json\/wp\/v2\/media\/4000"}],"wp:attachment":[{"href":"https:\/\/politicapatagonica.com\/index.php\/wp-json\/wp\/v2\/media?parent=3999"}],"wp:term":[{"taxonomy":"category","embeddable":true,"href":"https:\/\/politicapatagonica.com\/index.php\/wp-json\/wp\/v2\/categories?post=3999"},{"taxonomy":"post_tag","embeddable":true,"href":"https:\/\/politicapatagonica.com\/index.php\/wp-json\/wp\/v2\/tags?post=3999"}],"curies":[{"name":"wp","href":"https:\/\/api.w.org\/{rel}","templated":true}]}}