{"id":3986,"date":"2024-05-10T21:37:03","date_gmt":"2024-05-10T21:37:03","guid":{"rendered":"https:\/\/politicapatagonica.com\/?p=3986"},"modified":"2024-05-12T21:18:33","modified_gmt":"2024-05-12T21:18:33","slug":"no-cesa-la-demanda-de-ayuda-economica-en-la-provincia","status":"publish","type":"post","link":"https:\/\/politicapatagonica.com\/index.php\/2024\/05\/10\/no-cesa-la-demanda-de-ayuda-economica-en-la-provincia\/","title":{"rendered":"No cesa la demanda de ayuda econ\u00f3mica en la provincia de Tierra del Fuego"},"content":{"rendered":"\n<p><br><strong>La ministra de Bienestar Ciudadano y Justicia de Tierra del Fuego, Adriana Chapper\u00f3n, confirm\u00f3 un marcado aumento en la solicitud de asistencia econ\u00f3mica<\/strong> por parte de la poblaci\u00f3n en las oficinas p\u00fablicas provinciales. La demanda se centra principalmente en subsidios para pagar alquileres y evitar desalojos, as\u00ed como para facilitar el retorno a las provincias de origen.<\/p>\n\n\n\n<p>Chapper\u00f3n declar\u00f3:\u00a0<strong>&#8220;El trabajo en el Ministerio ha aumentado much\u00edsimo y la variedad de subsidios que la gente necesita es notable&#8221;<\/strong>. La situaci\u00f3n econ\u00f3mica adversa se refleja en sectores como la construcci\u00f3n, el comercio y la industria, donde el desempleo es preocupante, lo que repercute en la necesidad de asistencia del Ministerio.<\/p>\n\n\n\n<p><strong>&#8220;La demanda abarca alquileres impagables, desalojos y la necesidad de familias de regresar a sus lugares de origen debido a los elevados costos de vida en Tierra del Fuego&#8221;<\/strong>, se\u00f1al\u00f3 la ministra. Adem\u00e1s, resalt\u00f3 la necesidad de ayuda para pagar alimentos y tarifas, lo que genera una amplia gama de requerimientos que el Ministerio enfrenta con presupuestos limitados.<\/p>\n\n\n\n<p>La ministra tambi\u00e9n destac\u00f3 el aumento de solicitudes en Ushuaia, pero sobre todo en R\u00edo Grande, donde la industria desempe\u00f1a un papel crucial en la econom\u00eda local.<\/p>\n\n\n\n<p>La incertidumbre sobre la continuidad de programas nacionales de asistencia agrava la situaci\u00f3n, ya que muchos de ellos se han discontinuado, lo que ha llevado a un mayor flujo de personas hacia el Ministerio en busca de ayuda.<\/p>\n\n\n\n<p>Chapper\u00f3n expres\u00f3 su preocupaci\u00f3n por la falta de firma de convenios con el Gobierno nacional para la asignaci\u00f3n de recursos, como en el caso del dinero destinado a comedores escolares, que antes se recib\u00eda a trav\u00e9s del Ministerio de Desarrollo y ahora se est\u00e1 gestionando con el Ministerio de Educaci\u00f3n.<\/p>\n\n\n\n<p><strong>&#8220;La demanda es muy importante, y aunque algunas personas se molesten por la necesidad de verificar los datos, es necesario para cumplir con las normativas&#8221;<\/strong>, concluy\u00f3 la ministra Adriana Chapper\u00f3n, subrayando los desaf\u00edos que enfrenta el Ministerio de Bienestar Ciudadano ante la creciente demanda de ayuda econ\u00f3mica en Tierra del Fuego.<\/p>\n\n\n\n<p><strong>Fuente: www.eldiariodelfindelmundo.com<\/strong><\/p>\n","protected":false},"excerpt":{"rendered":"<p>La ministra de Bienestar Ciudadano y Justicia de Tierra del Fuego, Adriana Chapper\u00f3n, confirm\u00f3 un marcado aumento en la solicitud de asistencia econ\u00f3mica por parte de la poblaci\u00f3n en las oficinas p\u00fablicas provinciales. La demanda se centra principalmente en subsidios para pagar alquileres y evitar desalojos, as\u00ed como para facilitar el retorno a las provincias [&hellip;]<\/p>\n","protected":false},"author":5,"featured_media":3987,"comment_status":"open","ping_status":"open","sticky":false,"template":"","format":"standard","meta":[],"categories":[11],"tags":[],"_links":{"self":[{"href":"https:\/\/politicapatagonica.com\/index.php\/wp-json\/wp\/v2\/posts\/3986"}],"collection":[{"href":"https:\/\/politicapatagonica.com\/index.php\/wp-json\/wp\/v2\/posts"}],"about":[{"href":"https:\/\/politicapatagonica.com\/index.php\/wp-json\/wp\/v2\/types\/post"}],"author":[{"embeddable":true,"href":"https:\/\/politicapatagonica.com\/index.php\/wp-json\/wp\/v2\/users\/5"}],"replies":[{"embeddable":true,"href":"https:\/\/politicapatagonica.com\/index.php\/wp-json\/wp\/v2\/comments?post=3986"}],"version-history":[{"count":2,"href":"https:\/\/politicapatagonica.com\/index.php\/wp-json\/wp\/v2\/posts\/3986\/revisions"}],"predecessor-version":[{"id":3998,"href":"https:\/\/politicapatagonica.com\/index.php\/wp-json\/wp\/v2\/posts\/3986\/revisions\/3998"}],"wp:featuredmedia":[{"embeddable":true,"href":"https:\/\/politicapatagonica.com\/index.php\/wp-json\/wp\/v2\/media\/3987"}],"wp:attachment":[{"href":"https:\/\/politicapatagonica.com\/index.php\/wp-json\/wp\/v2\/media?parent=3986"}],"wp:term":[{"taxonomy":"category","embeddable":true,"href":"https:\/\/politicapatagonica.com\/index.php\/wp-json\/wp\/v2\/categories?post=3986"},{"taxonomy":"post_tag","embeddable":true,"href":"https:\/\/politicapatagonica.com\/index.php\/wp-json\/wp\/v2\/tags?post=3986"}],"curies":[{"name":"wp","href":"https:\/\/api.w.org\/{rel}","templated":true}]}}