{"id":3982,"date":"2024-05-10T21:30:21","date_gmt":"2024-05-10T21:30:21","guid":{"rendered":"https:\/\/politicapatagonica.com\/?p=3982"},"modified":"2024-05-12T21:14:38","modified_gmt":"2024-05-12T21:14:38","slug":"nueva-ley-de-residencias-medicas-para-neuquen","status":"publish","type":"post","link":"https:\/\/politicapatagonica.com\/index.php\/2024\/05\/10\/nueva-ley-de-residencias-medicas-para-neuquen\/","title":{"rendered":"Lleg\u00f3 a la Legislatura provincial la nueva ley de residencias m\u00e9dicas para Neuqu\u00e9n"},"content":{"rendered":"\n<p><strong>La ley para regular la formaci\u00f3n estrat\u00e9gica de profesionales de la salud es una de las iniciativas que present\u00f3 el gobernador Rolando Figueroa en Neuqu\u00e9n y que lleg\u00f3 al recinto <\/strong>con un despacho por mayor\u00eda -el del Poder Ejecutivo- y otro por minor\u00eda, a partir de la propuesta impulsada por Siprosapune.<\/p>\n\n\n\n<p><strong>La C\u00e1mara de Diputados de la provincia aprob\u00f3 en general y por mayor\u00eda la ley <\/strong>que establece un nuevo r\u00e9gimen de formaci\u00f3n de residencias m\u00e9dicas en el sistema de salud. Lo hizo durante la 7\u00b0 sesi\u00f3n ordinaria, ocasi\u00f3n en la que el cuerpo tambi\u00e9n prest\u00f3 acuerdo legislativo por amplia mayor\u00eda a la <strong>designaci\u00f3n de Mauricio Zabala <\/strong>como fiscal jefe de Neuqu\u00e9n.<\/p>\n\n\n\n<p>La norma se aprob\u00f3 con <strong>26 votos positivos<\/strong> aportados por DC-Comunidad, Avanzar, JxC UCR, Neuqu\u00e9n Federal, Hacemos Neuqu\u00e9n, MPN, PRO-NCN, Cumplir, Arriba Neuqu\u00e9n y los diputados Dar\u00edo Peralta y Dar\u00edo Mart\u00ednez, de UxP.<\/p>\n\n\n\n<p>La diputada Ver\u00f3nica Litcher (PRO-NCN) remarc\u00f3 que<strong> la ley apunta a fortalecer el sistema de salud de la provincia mediante el apoyo a la formaci\u00f3n del talento humano<\/strong>, como as\u00ed tambi\u00e9n una atenci\u00f3n m\u00e9dica de calidad en todos los rincones de la provincia.<\/p>\n\n\n\n<p>En tanto, el diputado Francisco L\u00e9pore (Avanzar) se\u00f1al\u00f3 que la iniciativa intenta resolver la falta de profesionales en el interior, al advertir que <strong>el 82% se concentra en la ciudad capital. <\/strong><\/p>\n\n\n\n<p>Como puntos centrales de <strong>la ley modifica la reducci\u00f3n de la jornada laboral de 80 a 62 horas semanales; la conformaci\u00f3n de guardias activas y pasivas pasando de 24 a 12 horas; la incorporaci\u00f3n de un adicional por guardias de formaci\u00f3n a partir de los seis meses de antig\u00fcedad y de la quinta guardia del calendario mensual programado; y el reconocimiento de un incentivo geogr\u00e1fico y por especialidad.<\/strong><\/p>\n\n\n\n<p>Desde Hacemos Neuqu\u00e9n, el diputado Alberto Bruno ponder\u00f3 el objetivo del proyecto de brindar una soluci\u00f3n a las localidades del interior y en sentido similar se expres\u00f3 su par del MPN, Gabriel \u00c1lamo, quien recalc\u00f3 la perspectiva federal al fomentar el arraigo de profesionales en el interior de la provincia.<\/p>\n\n\n\n<p>El diputado Dar\u00edo Mart\u00ednez (UxP) se pronunci\u00f3 a favor de la iniciativa aunque anticip\u00f3 algunas observaciones que plantear\u00e1 durante el tratamiento en particular y advirti\u00f3 que<strong> la media sanci\u00f3n del impuesto a las ganancias a nivel nacional afectar\u00e1 a los profesionales de la salud al eliminar beneficios que tienen actualmente como la zona desfavorable, la dedicaci\u00f3n funcional de los agentes p\u00fablicos de la provincia y la exenci\u00f3n a las guardias.<\/strong><\/p>\n\n\n\n<p>El diputado C\u00e9sar Gass (JxC\u2013UCR) celebr\u00f3 la existencia de un mejoramiento en el proyecto del Poder Ejecutivo sobre cuestiones del sistema de salud que se vienen trabajando desde hace tiempo en la Legislatura aunque&nbsp; advirti\u00f3 contradicciones en el articulado. En tanto, la diputada Brenda Buchiniz (Cumplir) elogi\u00f3 el tratamiento que tuvo el tema durante el paso por las comisiones.<\/p>\n\n\n\n<p>El diputado Andr\u00e9s Blanco (PTS-FIT-U) y la diputada Lorena Parrilli (UxP) defendieron el despacho por minor\u00eda del proyecto de Siprosapune. Blanco cuestion\u00f3 que no se hayan considerado los errores se\u00f1alados por los profesionales de la salud sobre el proyecto del Poder Ejecutivo y advirti\u00f3 que \u201cla calidad de la formaci\u00f3n se va a ver muy afectada por esta ley\u201d. Por su parte, Parrilli consider\u00f3 que la propuesta del gobernador refleja<strong> \u201cun gran desconocimiento de la realidad concreta que se vive hoy en los hospitales\u201d <\/strong>y mencion\u00f3 como ejemplo el pago de arraigo en localidades donde no hay posibilidad de residencias de determinadas especialidades. A la vez, plante\u00f3 que precariza y mercantiliza la salud p\u00fablica de la provincia.<\/p>\n\n\n\n<p>En otro orden, el cuerpo vot\u00f3 la comunicaci\u00f3n 249 que rechaza las declaraciones de la secretaria de Energ\u00eda de la Naci\u00f3n ante el vencimiento de las pr\u00f3rrogas de las concesiones hidroel\u00e9ctricas y solicita al gobierno nacional que convoque una mesa de di\u00e1logo a las provincias en las cuales se encuentran las hidroel\u00e9ctricas. Tambi\u00e9n aprob\u00f3 la comunicaci\u00f3n 248 dirigida a la C\u00e1mara de Diputados de la Naci\u00f3n para que informe sobre el destino de los recursos que aporta la provincia por el impuesto a los combustibles y los del Fondo Compensador del Transporte del Interior.<\/p>\n\n\n\n<p><strong>Fuente: diarioneuquen.com.ar<\/strong><\/p>\n","protected":false},"excerpt":{"rendered":"<p>La ley para regular la formaci\u00f3n estrat\u00e9gica de profesionales de la salud es una de las iniciativas que present\u00f3 el gobernador Rolando Figueroa en Neuqu\u00e9n y que lleg\u00f3 al recinto con un despacho por mayor\u00eda -el del Poder Ejecutivo- y otro por minor\u00eda, a partir de la propuesta impulsada por Siprosapune. La C\u00e1mara de Diputados [&hellip;]<\/p>\n","protected":false},"author":5,"featured_media":3984,"comment_status":"open","ping_status":"open","sticky":false,"template":"","format":"standard","meta":[],"categories":[9],"tags":[],"_links":{"self":[{"href":"https:\/\/politicapatagonica.com\/index.php\/wp-json\/wp\/v2\/posts\/3982"}],"collection":[{"href":"https:\/\/politicapatagonica.com\/index.php\/wp-json\/wp\/v2\/posts"}],"about":[{"href":"https:\/\/politicapatagonica.com\/index.php\/wp-json\/wp\/v2\/types\/post"}],"author":[{"embeddable":true,"href":"https:\/\/politicapatagonica.com\/index.php\/wp-json\/wp\/v2\/users\/5"}],"replies":[{"embeddable":true,"href":"https:\/\/politicapatagonica.com\/index.php\/wp-json\/wp\/v2\/comments?post=3982"}],"version-history":[{"count":3,"href":"https:\/\/politicapatagonica.com\/index.php\/wp-json\/wp\/v2\/posts\/3982\/revisions"}],"predecessor-version":[{"id":3997,"href":"https:\/\/politicapatagonica.com\/index.php\/wp-json\/wp\/v2\/posts\/3982\/revisions\/3997"}],"wp:featuredmedia":[{"embeddable":true,"href":"https:\/\/politicapatagonica.com\/index.php\/wp-json\/wp\/v2\/media\/3984"}],"wp:attachment":[{"href":"https:\/\/politicapatagonica.com\/index.php\/wp-json\/wp\/v2\/media?parent=3982"}],"wp:term":[{"taxonomy":"category","embeddable":true,"href":"https:\/\/politicapatagonica.com\/index.php\/wp-json\/wp\/v2\/categories?post=3982"},{"taxonomy":"post_tag","embeddable":true,"href":"https:\/\/politicapatagonica.com\/index.php\/wp-json\/wp\/v2\/tags?post=3982"}],"curies":[{"name":"wp","href":"https:\/\/api.w.org\/{rel}","templated":true}]}}