{"id":3979,"date":"2024-05-10T00:52:55","date_gmt":"2024-05-10T00:52:55","guid":{"rendered":"https:\/\/politicapatagonica.com\/?p=3979"},"modified":"2024-05-12T21:10:17","modified_gmt":"2024-05-12T21:10:17","slug":"ley-bases-torres-senalo-que-el-rigi-es-una-oportunidad-para-las-provincias-exportadoras","status":"publish","type":"post","link":"https:\/\/politicapatagonica.com\/index.php\/2024\/05\/10\/ley-bases-torres-senalo-que-el-rigi-es-una-oportunidad-para-las-provincias-exportadoras\/","title":{"rendered":"Ley Bases: Torres se\u00f1al\u00f3 que\u00a0&#8220;el RIGI es una oportunidad\u00a0para las provincias exportadoras&#8221;\u00a0"},"content":{"rendered":"\n<p><strong>El gobernador de Chubut Ignacio Torres se\u00f1al\u00f3 c\u00f3mo votar\u00e1n los senadores chubutenses la Ley Bases.<\/strong> Adem\u00e1s contemplo la necesidad de que el pa\u00eds vaya hacia una matriz fiscal m\u00e1s progresiva. Por otra parte, expres\u00f3 <strong>de qu\u00e9 manera beneficiar\u00eda a la provincia el<\/strong> <strong>RIGI<\/strong> (R\u00e9gimen de Incentivos a las Grandes Inversiones). <\/p>\n\n\n\n<p>Adem\u00e1s, destac\u00f3 su compromiso<strong> <\/strong>de eliminar los fueros en Chubut y por \u00faltimo dialog\u00f3 sobre el documento que buscar\u00e1n firmar por\u00a0distintos gobernadores\u00a0para\u00a0elevarlo previamente al Pacto de Mayo.<\/p>\n\n\n\n<p><strong>PARO GENERAL&nbsp;<\/strong><\/p>\n\n\n\n<p>El gobernador discuti\u00f3 sobre <strong>el reclamo sindical, dijo que algunos de estos &#8220;son leg\u00edtimos&#8221; como es el caso de Ganancias y manifest\u00f3 que hay que saber diferenciar &#8220;la carro\u00f1a pol\u00edtica mediocre que utiliza cualquier coyuntura dif\u00edcil para querer instalarse con alg\u00fan tema en particular, pol\u00edticamente, desde lo partidista&#8221;.<\/strong><\/p>\n\n\n\n<p>Agreg\u00f3 que en el paro &#8220;hab\u00eda tambi\u00e9n trabajadores&#8221; como &#8220;en el caso nuestro, de la Patagonia,\u00a0que tiene una preocupaci\u00f3n muy grande con el tema ganancias&#8221;.\u00a0<\/p>\n\n\n\n<p>Al respecto, Torres hizo hincapi\u00e9 en la necesidad de corregir asimetr\u00edas, indicando:<strong> &#8220;Hay \u00edtems, por ejemplo, que si se contemplan sobre el m\u00ednimo imponible, corrigen esas asimetr\u00edas, por ejemplo, zona desfavorable&#8221;<\/strong>.\u00a0Remarc\u00f3 que &#8220;un m\u00e9dico, por ejemplo, en mi provincia, cobra m\u00e1s que la media nacional, pero los costos de vida son pr\u00e1cticamente el doble que la media nacional.&#8221; y advirti\u00f3 que se ir\u00edan de la provincia m\u00e9dicos, sobre todo de zonas rurales, &#8220;si se retrotrae la medida de Ganancias, sin contemplar esa asimetr\u00eda&#8221;\u00a0<\/p>\n\n\n\n<p>En cuanto a la matriz fiscal progresiva, Torres expres\u00f3:<strong> &#8220;Argentina necesita ir hacia una matriz fiscal m\u00e1s progresiva, pero que sea una matriz fiscal justa, que tenga car\u00e1cter devolutivo&#8221;.<\/strong><\/p>\n\n\n\n<p><strong>VOTACI\u00d3N DE LEY BASES EN EL SENADO&nbsp;<\/strong><\/p>\n\n\n\n<p>Torres adelant\u00f3 que las <strong>dos senadoras Edith Terenzi y Andrea Cristina,&nbsp;que responden a su espacio pol\u00edtico, acompa\u00f1ar\u00e1n, en general, menos ganancias.<\/strong> Sobre el senador Carlos Linares se\u00f1al\u00f3 que votar\u00e1 en contra en general, pero acompa\u00f1ar\u00e1 la &#8220;desregulaci\u00f3n de hidrocarburos&#8221;.&nbsp;<\/p>\n\n\n\n<p><strong>RIGI<\/strong><\/p>\n\n\n\n<p>En este sentido, el mandatario provincial se\u00f1al\u00f3 que <strong>&#8220;hay muchas inversiones que est\u00e1n paralizadas por la incertidumbre&#8221; y agreg\u00f3 que para que la Argentina salga de esa situaci\u00f3n se necesita &#8220;calidad institucional&#8221; y, por otro lado, &#8220;recuperar la credibilidad&#8221;.<\/strong><\/p>\n\n\n\n<p>&#8220;Me parece que e<strong>l RIGI es una oportunidad para las provincias exportadoras<\/strong>, como la m\u00eda, que es una de las principales provincias exportadoras&#8221;, explic\u00f3 y agrego que &#8220;la Naci\u00f3n necesita divisas y nosotros necesitamos dinamizar la econom\u00eda, agregarle valor a nuestros recursos.&#8221; En este sentido, subrayo que para eso &#8220;no solamente se trata de coparticipar el dinero, concretamente, sino de federalizar la ejecuci\u00f3n presupuestaria del Estado Nacional.&#8221;<\/p>\n\n\n\n<p><strong>FUEROS<\/strong><\/p>\n\n\n\n<p>Torres mencion\u00f3 que la provincia<strong> &#8220;fue caldo de cultivo&nbsp;de causas de corrupci\u00f3n que lamentablemente durante muchos a\u00f1os nos puso en vidriera del ejemplo lo que est\u00e1 mal.<\/strong><\/p>\n\n\n\n<p>En este sentido, se\u00f1al\u00f3 que &#8220;el primer privilegio que se quiere eliminar son los fueros&#8221;.&nbsp;<\/p>\n\n\n\n<p>&#8220;Nosotros tenemos dirigentes corruptos&nbsp;que se atrincheran en la legislatura,&nbsp; por ejemplo, o se han atrincherado en alg\u00fan momento&nbsp;para ampararse en los fueros&#8221; se\u00f1al\u00f3 el mandatario.&nbsp;<\/p>\n\n\n\n<p><strong>&#8220;Yo quiero que mi provincia sea la primera provincia de la Argentina sin fueros&#8221;, y agreg\u00f3 que &#8220;queremos que todos seamos iguales ante la ley&#8221;.\u00a0<\/strong><\/p>\n\n\n\n<p><strong>PACTO DE MAYO&nbsp;<\/strong><\/p>\n\n\n\n<p>Por \u00faltimo, en relaci\u00f3n con <strong>el Pacto Federal, el Gobernador Torres revel\u00f3: &#8220;La idea es elevar el documento antes del 25 de mayo, para que el Gobierno Nacional tenga tambi\u00e9n una mirada de esa Argentina productiva que tiene much\u00edsimo para aportar y para dar&#8221;.&nbsp;<\/strong><\/p>\n\n\n\n<p>Desde las provincias sentimos la necesidad de poner en agenda temas que son importantes.&nbsp; B\u00e1sicamente, federalismo fiscal, que es ir hacia una Argentina m\u00e1s justa,&nbsp; donde no se resienta la salud, la seguridad,&nbsp; en todas las provincias, donde la educaci\u00f3n&nbsp;sea la misma,&nbsp; independientemente de d\u00f3nde te haya tocado nacer.&nbsp;<\/p>\n\n\n\n<p>Por \u00faltimo, explic\u00f3 que la\u00a0idea es elevar el documento antes del 25 de mayo.<strong> <\/strong>&#8220;Lo estamos circularizando con las distintas regiones\u00a0 que se conformaron,\u00a0en el centro, a trav\u00e9s de Maxi Pullaro, tambi\u00e9n Gerardo Zamora, y nosotros en Patagonia,\u00a0para consensuar puntos que sean complementarios para que el Gobierno Nacional\u00a0tenga tambi\u00e9n una mirada\u00a0de esa Argentina productiva&#8221;, culmin\u00f3.\u00a0<\/p>\n\n\n\n<p><strong>Fuente: www.elchubut.com.ar<\/strong><\/p>\n","protected":false},"excerpt":{"rendered":"<p>El gobernador de Chubut Ignacio Torres se\u00f1al\u00f3 c\u00f3mo votar\u00e1n los senadores chubutenses la Ley Bases. Adem\u00e1s contemplo la necesidad de que el pa\u00eds vaya hacia una matriz fiscal m\u00e1s progresiva. Por otra parte, expres\u00f3 de qu\u00e9 manera beneficiar\u00eda a la provincia el RIGI (R\u00e9gimen de Incentivos a las Grandes Inversiones). Adem\u00e1s, destac\u00f3 su compromiso de [&hellip;]<\/p>\n","protected":false},"author":5,"featured_media":3980,"comment_status":"open","ping_status":"open","sticky":false,"template":"","format":"standard","meta":[],"categories":[14],"tags":[],"_links":{"self":[{"href":"https:\/\/politicapatagonica.com\/index.php\/wp-json\/wp\/v2\/posts\/3979"}],"collection":[{"href":"https:\/\/politicapatagonica.com\/index.php\/wp-json\/wp\/v2\/posts"}],"about":[{"href":"https:\/\/politicapatagonica.com\/index.php\/wp-json\/wp\/v2\/types\/post"}],"author":[{"embeddable":true,"href":"https:\/\/politicapatagonica.com\/index.php\/wp-json\/wp\/v2\/users\/5"}],"replies":[{"embeddable":true,"href":"https:\/\/politicapatagonica.com\/index.php\/wp-json\/wp\/v2\/comments?post=3979"}],"version-history":[{"count":4,"href":"https:\/\/politicapatagonica.com\/index.php\/wp-json\/wp\/v2\/posts\/3979\/revisions"}],"predecessor-version":[{"id":3993,"href":"https:\/\/politicapatagonica.com\/index.php\/wp-json\/wp\/v2\/posts\/3979\/revisions\/3993"}],"wp:featuredmedia":[{"embeddable":true,"href":"https:\/\/politicapatagonica.com\/index.php\/wp-json\/wp\/v2\/media\/3980"}],"wp:attachment":[{"href":"https:\/\/politicapatagonica.com\/index.php\/wp-json\/wp\/v2\/media?parent=3979"}],"wp:term":[{"taxonomy":"category","embeddable":true,"href":"https:\/\/politicapatagonica.com\/index.php\/wp-json\/wp\/v2\/categories?post=3979"},{"taxonomy":"post_tag","embeddable":true,"href":"https:\/\/politicapatagonica.com\/index.php\/wp-json\/wp\/v2\/tags?post=3979"}],"curies":[{"name":"wp","href":"https:\/\/api.w.org\/{rel}","templated":true}]}}