{"id":3965,"date":"2024-05-08T20:14:32","date_gmt":"2024-05-08T20:14:32","guid":{"rendered":"https:\/\/politicapatagonica.com\/?p=3965"},"modified":"2024-05-08T20:14:32","modified_gmt":"2024-05-08T20:14:32","slug":"sin-clases-colectivos-ni-bancos-por-el-paro-de-la-cgt-todos-los-servicios-afectados-en-neuquen","status":"publish","type":"post","link":"https:\/\/politicapatagonica.com\/index.php\/2024\/05\/08\/sin-clases-colectivos-ni-bancos-por-el-paro-de-la-cgt-todos-los-servicios-afectados-en-neuquen\/","title":{"rendered":"Sin clases, colectivos ni bancos: por el paro de la CGT, todos los servicios afectados en Neuqu\u00e9n"},"content":{"rendered":"\n<p>El\u00a0<strong>paro nacional<\/strong>\u00a0convocado por la\u00a0<strong>Confederaci\u00f3n General del Trabajo (CGT)\u00a0<\/strong>para este jueves 9 de mayo contar\u00e1 en\u00a0<strong>Neuqu\u00e9n<\/strong>\u00a0con la adhesi\u00f3n de distintos gremios que buscan manifestarse contra la Ley Bases, que ya obtuvo media sanci\u00f3n en Diputados y que se prepara para ir al Senado. Rechazan el ajuste implementado por el Gobierno que lidera el presidente Javier Milei.<\/p>\n\n\n\n<p>La convocatoria que lleg\u00f3 de Buenos Aires hizo eco en la provincia y son varios los gremios que se sumar\u00e1n a esta medida, la segunda que la CGT realiza durante la actual gesti\u00f3n nacional.<\/p>\n\n\n\n<h2>Sin clases por el paro: ATEN adhiere<\/h2>\n\n\n\n<p>La dirigencia de la Asociaci\u00f3n de Trabajadores de la Educaci\u00f3n de Neuqu\u00e9n (ATEN) ya anunci\u00f3 su adhesi\u00f3n al paro nacional, por lo que convoc\u00f3 a los docentes de toda la provincia a sumarse a la medida de fuerza por 24 horas.<\/p>\n\n\n\n<p>Marcelo Guagliardo, secretario general de ATEN, explic\u00f3 que la CTERA llam\u00f3 a sumarse al paro a todos los gremios docentes del pa\u00eds y que este jueves habr\u00e1 paro en las escuelas de Neuqu\u00e9n.<\/p>\n\n\n\n<p>&#8220;Es un paro convocado por la CGT y la CTA y participan tambi\u00e9n organizaciones sociales. En ese marco CTERA adhiere a esa convocatoria y desde ATEN estamos convocando a los trabajadores de la educaci\u00f3n a que ese d\u00eda se cumpla con esa medida en Neuqu\u00e9n&#8221;, explic\u00f3 el dirigente.<\/p>\n\n\n\n<p>De esta forma, las escuelas neuquinas no tendr\u00e1n clases este jueves, ante la medida de fuerza nacional que tiene alcance en Neuqu\u00e9n convocada por el gremio docente.<\/p>\n\n\n\n<p>Guagliardo coment\u00f3 que el paro es contra las medidas econ\u00f3micas del gobierno, contra el regreso del impuesto a las ganancias y tambi\u00e9n para reclamar que el gobierno nacional env\u00ede a las provincias el financiamiento necesario para sostener la educaci\u00f3n p\u00fablica.<\/p>\n\n\n\n<h2>Estatales, judiciales y legislativos se suman al paro<\/h2>\n\n\n\n<p>Carlos Quintriqueo, secretario general de ATE, explic\u00f3 que el gremio que dirige se suma al paro porque est\u00e1 &#8220;en contra de las pol\u00edticas de ajuste de Milei, por el desmantelamiento del Estado, donde se est\u00e1n sufriendo los despidos&#8221;.<\/p>\n\n\n\n<p>&#8220;Todos los ajustes se est\u00e1n dando en el marco de los trabajadores del Estado. Vamos a decirle &#8216;no&#8217; a todas las p\u00e9rdidas de derechos que se plantean, tanto en el DNU como en la ley bases&#8221;, afirm\u00f3 el dirigente a\u00a0<strong>LMNeuqu\u00e9n<\/strong>.<\/p>\n\n\n\n<p>Los estatales convocaron adem\u00e1s a movilizar&nbsp;<strong>desde las 10<\/strong>&nbsp;en el Monumento a San Mart\u00edn para marchar por el centro de la ciudad. Tambi\u00e9n&nbsp;<strong>UPCN<\/strong>&nbsp;se sum\u00f3 a la medida de fuerza por lo que todas las oficinas de la administraci\u00f3n p\u00fablica se ver\u00e1n afectadas por la medida de fuerza.<\/p>\n\n\n\n<p>El gremio que representa a los trabajadores judiciales,&nbsp;<strong>SEJUN<\/strong>, se sum\u00f3 a la medida en contra del ajuste y las oficinas judiciales se ver\u00e1n resentidas en su atenci\u00f3n. &#8220;Solo habr\u00e1 atenci\u00f3n urgente y en lugares donde asiste poblaci\u00f3n m\u00e1s vulnerable: Defensor\u00edas civiles, defensor\u00edas del Ni\u00f1o y Oficinas de violencia&#8221;, explic\u00f3&nbsp;<strong>Claudio Salazar,<\/strong>&nbsp;secretario general de SEJUN.<\/p>\n\n\n\n<p>La misma decisi\u00f3n tom\u00f3 el gremio que representa a los empleados legislativos\u00a0<strong>ANEL,<\/strong>\u00a0por lo que este jueves no habr\u00e1 actividades en la Legislatura.<\/p>\n\n\n\n<h2>Municipales se suman<\/h2>\n\n\n\n<p>El gremio Sitramune, que aglutina a los empleados municipales de Neuqu\u00e9n, confirm\u00f3 su adhesi\u00f3n a la medida de fuerza en contra del ajuste que est\u00e1 llevando adelante el gobierno nacional.<\/p>\n\n\n\n<p>&#8220;Las organizaciones que integramos el Frente de Sindicatos Estatales de Neuqu\u00e9n adherimos al Paro Nacional convocado por la CGT, la CTA T y la CTA A para el d\u00eda 9 de mayo en respuesta al brutal ajuste que el gobierno nacional hoy impone al conjunto de la clase trabajadora. Para decirle no a la ley de bases y no al paquete fiscal. Por salarios dignos y trabajo con derechos laborales. En contra de los despidos y recortes en diferentes organismos del Estado. Por cada compa\u00f1ero jubilado. Por la apertura y homologaci\u00f3n de las paritarias nacionales acordadas y contra el Impuesto al salario. Por el financiamiento para la educaci\u00f3n y salud p\u00fablica&#8221;, detallaron los gremios neuquinos en un comunicado.<\/p>\n\n\n\n<h2>Comerciantes tambi\u00e9n van al paro<\/h2>\n\n\n\n<p>Los trabajadores mercantiles nucleados en el Centro de Empleados Comercio (CEC) del Neuqu\u00e9n tambi\u00e9n se van a sumar al paro de este jueves en Neuqu\u00e9n.<\/p>\n\n\n\n<p>&#8220;El CEC para frente a un gobierno nacional que aplica un fuerte ajuste a los sectores populares, que pretende quitar derechos laborales fundamentales, que licu\u00f3 salarios y jubilaciones, que dej\u00f3 de enviar fondos a las provincias, que paraliz\u00f3 la obra p\u00fablica, que impulsa la privatizaci\u00f3n de empresas p\u00fablicas y que quiere que los salarios paguen ganancias&#8221;, explicaron en un comunicado.<\/p>\n\n\n\n<p>El CEC convoc\u00f3 a todos los empleados mercantiles a sumarse al paro nacional. &#8220;Tienen aval legal para adherirse a la huelga&#8221;, aseguraron.<\/p>\n\n\n\n<h2>Los bancos no atienden por el paro<\/h2>\n\n\n\n<p>Tambi\u00e9n La Bancaria, gremio que nuclea a los trabajadores de los bancos, se sumar\u00e1 a esta medida nacional por lo que en Neuqu\u00e9n no funcionar\u00e1n los bancos.<\/p>\n\n\n\n<p>La dirigencia de este gremio explic\u00f3 en declaraciones radiales que la Ley Bases retoma el Impuesto a las Ganancias, por lo que los empleados del sector se ver\u00e1n perjudicados y decidieron adherir al paro para hacer saber su rechazo.<\/p>\n\n\n\n<h2>Sin colectivos en Neuqu\u00e9n: la adhesi\u00f3n de la UTA<\/h2>\n\n\n\n<p>Gabriel Ceballos, secretario gremial de la\u00a0<strong>UTA,<\/strong>\u00a0confirm\u00f3 a\u00a0<strong>LMNeuqu\u00e9n<\/strong>\u00a0que el gremio que nuclea a los trabajadores del transporte se va a adherir a la medida nacional, por lo que\u00a0<strong>este jueves no habr\u00e1 colectivos<\/strong>\u00a0en Neuqu\u00e9n.<\/p>\n\n\n\n<p>Tampoco funcionar\u00e1 el Tren del Valle en su conexi\u00f3n de Neuqu\u00e9n con Plottier ya que el gremio que agrupa a los trabajadores ferroviarios se adhiri\u00f3 a la medida nacional convocada por la CGT.<\/p>\n\n\n\n<p><strong>Fuente: www.lmneuquen.com<\/strong><\/p>\n","protected":false},"excerpt":{"rendered":"<p>El\u00a0paro nacional\u00a0convocado por la\u00a0Confederaci\u00f3n General del Trabajo (CGT)\u00a0para este jueves 9 de mayo contar\u00e1 en\u00a0Neuqu\u00e9n\u00a0con la adhesi\u00f3n de distintos gremios que buscan manifestarse contra la Ley Bases, que ya obtuvo media sanci\u00f3n en Diputados y que se prepara para ir al Senado. Rechazan el ajuste implementado por el Gobierno que lidera el presidente Javier Milei. [&hellip;]<\/p>\n","protected":false},"author":5,"featured_media":3966,"comment_status":"open","ping_status":"open","sticky":false,"template":"","format":"standard","meta":[],"categories":[9],"tags":[],"_links":{"self":[{"href":"https:\/\/politicapatagonica.com\/index.php\/wp-json\/wp\/v2\/posts\/3965"}],"collection":[{"href":"https:\/\/politicapatagonica.com\/index.php\/wp-json\/wp\/v2\/posts"}],"about":[{"href":"https:\/\/politicapatagonica.com\/index.php\/wp-json\/wp\/v2\/types\/post"}],"author":[{"embeddable":true,"href":"https:\/\/politicapatagonica.com\/index.php\/wp-json\/wp\/v2\/users\/5"}],"replies":[{"embeddable":true,"href":"https:\/\/politicapatagonica.com\/index.php\/wp-json\/wp\/v2\/comments?post=3965"}],"version-history":[{"count":1,"href":"https:\/\/politicapatagonica.com\/index.php\/wp-json\/wp\/v2\/posts\/3965\/revisions"}],"predecessor-version":[{"id":3967,"href":"https:\/\/politicapatagonica.com\/index.php\/wp-json\/wp\/v2\/posts\/3965\/revisions\/3967"}],"wp:featuredmedia":[{"embeddable":true,"href":"https:\/\/politicapatagonica.com\/index.php\/wp-json\/wp\/v2\/media\/3966"}],"wp:attachment":[{"href":"https:\/\/politicapatagonica.com\/index.php\/wp-json\/wp\/v2\/media?parent=3965"}],"wp:term":[{"taxonomy":"category","embeddable":true,"href":"https:\/\/politicapatagonica.com\/index.php\/wp-json\/wp\/v2\/categories?post=3965"},{"taxonomy":"post_tag","embeddable":true,"href":"https:\/\/politicapatagonica.com\/index.php\/wp-json\/wp\/v2\/tags?post=3965"}],"curies":[{"name":"wp","href":"https:\/\/api.w.org\/{rel}","templated":true}]}}