{"id":3962,"date":"2024-05-07T21:49:58","date_gmt":"2024-05-07T21:49:58","guid":{"rendered":"https:\/\/politicapatagonica.com\/?p=3962"},"modified":"2024-05-09T11:02:18","modified_gmt":"2024-05-09T11:02:18","slug":"paro-y-marcha-en-la-capital-pampeana-para-frenarle-la-mano-al-gobierno-de-milei","status":"publish","type":"post","link":"https:\/\/politicapatagonica.com\/index.php\/2024\/05\/07\/paro-y-marcha-en-la-capital-pampeana-para-frenarle-la-mano-al-gobierno-de-milei\/","title":{"rendered":"Paro y marcha en la capital pampeana para &#8220;frenarle la mano al gobierno de Milei&#8221;"},"content":{"rendered":"\n<p><strong>&#8220;El objetivo de este gobierno es despedir 150 mil trabajadores&#8221;,<\/strong>&nbsp;afirm\u00f3 la gremialista Roxana Rechimont, durante la conferencia de prensa en la que las tres centrales obreras, movimientos sociales y otras organizaciones, anunciaron que el jueves adhieren al paro nacional. Lo hacen<strong>&nbsp;en forma activa, sin presencia en los lugares de trabajo y con una movilizaci\u00f3n en el centro de la capital pampeana, a partir de las 10 de la ma\u00f1ana, en la Plaza San Martin.<\/strong><\/p>\n\n\n\n<p><strong>&#8220;Ac\u00e1 se adhiere, con el paro total de actividades, en contra del DNU, en contra de la ley de bases y todos los derechos que hemos ido perdiendo en estos \u00faltimos meses, los y las trabajadoras argentinas&#8221;,<\/strong>&nbsp;dijo&nbsp;<strong>Carlos Urmente.&nbsp;<\/strong>El lucifuercista&nbsp;<strong>Julio Acosta&nbsp;<\/strong>advirti\u00f3 que &#8220;los diputados y senadores&nbsp;<strong>tienen que oponerse a la ley \u00f3mnibus porque va en contra de los intereses del pa\u00eds&#8221;.&nbsp;<\/strong>Por su parte, desde la CCC,&nbsp;<strong>Walter Brandimarte c<\/strong>onsider\u00f3 que &#8220;estos personajes no tienen como patr\u00f3n al pueblo pampeano&#8221;. &#8220;<strong>Llamamos a todos los trabajadores a mostrar su bronca&#8221;<\/strong>, agreg\u00f3.&nbsp;<\/p>\n\n\n\n<p><strong><em>Marcha de la bronca<\/em><\/strong><\/p>\n\n\n\n<p>Por su parte,&nbsp;<strong>Rechimont&nbsp;<\/strong>explic\u00f3 que &#8220;la idea que hemos concretado es que esto est\u00e1 dentro de la jornada de lucha que sea dispuesto a nivel nacional y, tambi\u00e9n, a nivel provincial, donde nosotros y nosotras hemos decidido visibilizar esta jornada de lucha. Si bien, a nivel nacional, es un paro activo sin concurrencia en los lugares de trabajo, tanto la CTA como la CGT Aut\u00f3noma y la mesa intersindical y los movimientos sociales, que componemos la mesa en la provincia, h<strong>emos decidido, junto a otros movimientos feministas, de la cultura, convocar a una movilizaci\u00f3n en vista de que el 24 de enero nos quedamos con ganas de eso&nbsp;<\/strong>y, tambi\u00e9n, para que se pronuncien en esa concentraci\u00f3n los distintos sectores, entendiendo el desguace y la afectaci\u00f3n que hace esta ley \u00f3mnibus a todos y todas los trabajadores y trabajadoras y al pueblo en general&#8221;.<\/p>\n\n\n\n<p>Resalt\u00f3 que, adem\u00e1s de la jornada de lucha, en la provincia &#8220;en unidad, como hemos concretado una mesa, podamos visibilizar en reclamo por la situaci\u00f3n que estamos atravesando con este gobierno fascista de Milei&#8221;.<\/p>\n\n\n\n<p>&#8220;Lo que esperamos es que no solo que sea un paro activo sin concurrencia en los lugares de trabajo, entendiendo que hay sectores en los que se tiene que prever la atenci\u00f3n en salud y en ni\u00f1ez y adolescencia, sino<strong>&nbsp;que tambi\u00e9n haya una gran convocatoria para la visibilizaci\u00f3n de esa marcha, que cada uno y cada una, no solo de los trabajadores y trabajadoras, sino de la ciudadan\u00eda, exprese la situaci\u00f3n por la cual est\u00e1 pasando&#8221;,&nbsp;<\/strong>insisti\u00f3.<\/p>\n\n\n\n<p>Estim\u00f3 que la situaci\u00f3n &#8220;se va a incrementar. Todos los d\u00edas nos despertamos con una noticia nueva de c\u00f3mo el gobierno nacional produce una pol\u00edtica de desguace, de destrozo de la pol\u00edtica social que tiene que implementar un gobierno en democracia como el que tenemos, porque fue elegido por el voto popular, pero la realidad es que esto nos empuja a la pobreza y a la indigencia en la totalidad de los argentinos y las argentinas&#8221;.<\/p>\n\n\n\n<p>&#8220;Nosotros en nuestra provincia venimos desde diciembre un paro, que desemboc\u00f3 en el 4 y ahora este. Es para que cada ciudadano&nbsp; salga a reclamar por los derechos que le est\u00e1n siendo violados, que est\u00e1 haci\u00e9ndose al Senado.<strong>&nbsp;El objetivo de este gobierno es despedir 150 mil trabajadores y trabajadoras y no son de cualquier sector, son justamente quienes les dan respuesta a los sectores m\u00e1s vulnerables en nuestro pa\u00eds&#8221;<\/strong>, prosigui\u00f3.<\/p>\n\n\n\n<p><strong><em>De mal en peor<\/em><\/strong><\/p>\n\n\n\n<p>Rechimont reclam\u00f3 que se den&nbsp; marcha atr\u00e1s con los despidos en el Estado. &#8220;Es una responsabilidad de todos y todas porque adem\u00e1s muchos de los ciudadanos y ciudadanas que no est\u00e1n con un trabajo en blanco, que no tienen una relaci\u00f3n de dependencia con el Estado, tambi\u00e9n son afectados al 100%. El tomar las cajas de las jubilaciones, el volver a la armonizaci\u00f3n, por llamarlo de alguna manera,&nbsp;<strong>eso no solamente afecta a los trabajadores que estamos en relaci\u00f3n de dependencia, afecta a todo el pueblo&#8221;, aclar\u00f3.<\/strong><\/p>\n\n\n\n<p>&#8220;Lo mismo que el quitar los planes sociales, la atenci\u00f3n social, no solo en los comedores comunitarios sino tambi\u00e9n desde las viandas de los universitarios hasta los presupuestos que tienen que venir para la provincia por coparticipaci\u00f3n,&nbsp;<strong>eso no hace m\u00e1s que producir un ahogo desde el gobierno nacional&#8221;<\/strong>, lament\u00f3.<\/p>\n\n\n\n<p>&#8220;Esto no es algo que de un d\u00eda para otro el gobierno nacional lo quiera implementar. La realidad es que esto viene del menemato, entonces se fue perfeccionando.&nbsp;<strong>Esta es la perfecci\u00f3n de un desguace del Estado, de una entrega de todos nuestros bienes y que tenemos que estar todos, no solo en la calle sino acompa\u00f1ando todas las medidas que sean necesarias y que se convoquen para frenarle la mano al gobierno de Milei&#8221;,&nbsp;<\/strong>complet\u00f3.<\/p>\n\n\n\n<p><strong>Fuente: www.eldiariodelapampa.com.ar<\/strong><\/p>\n","protected":false},"excerpt":{"rendered":"<p>&#8220;El objetivo de este gobierno es despedir 150 mil trabajadores&#8221;,&nbsp;afirm\u00f3 la gremialista Roxana Rechimont, durante la conferencia de prensa en la que las tres centrales obreras, movimientos sociales y otras organizaciones, anunciaron que el jueves adhieren al paro nacional. Lo hacen&nbsp;en forma activa, sin presencia en los lugares de trabajo y con una movilizaci\u00f3n en [&hellip;]<\/p>\n","protected":false},"author":5,"featured_media":3963,"comment_status":"open","ping_status":"open","sticky":false,"template":"","format":"standard","meta":[],"categories":[10],"tags":[],"_links":{"self":[{"href":"https:\/\/politicapatagonica.com\/index.php\/wp-json\/wp\/v2\/posts\/3962"}],"collection":[{"href":"https:\/\/politicapatagonica.com\/index.php\/wp-json\/wp\/v2\/posts"}],"about":[{"href":"https:\/\/politicapatagonica.com\/index.php\/wp-json\/wp\/v2\/types\/post"}],"author":[{"embeddable":true,"href":"https:\/\/politicapatagonica.com\/index.php\/wp-json\/wp\/v2\/users\/5"}],"replies":[{"embeddable":true,"href":"https:\/\/politicapatagonica.com\/index.php\/wp-json\/wp\/v2\/comments?post=3962"}],"version-history":[{"count":2,"href":"https:\/\/politicapatagonica.com\/index.php\/wp-json\/wp\/v2\/posts\/3962\/revisions"}],"predecessor-version":[{"id":3974,"href":"https:\/\/politicapatagonica.com\/index.php\/wp-json\/wp\/v2\/posts\/3962\/revisions\/3974"}],"wp:featuredmedia":[{"embeddable":true,"href":"https:\/\/politicapatagonica.com\/index.php\/wp-json\/wp\/v2\/media\/3963"}],"wp:attachment":[{"href":"https:\/\/politicapatagonica.com\/index.php\/wp-json\/wp\/v2\/media?parent=3962"}],"wp:term":[{"taxonomy":"category","embeddable":true,"href":"https:\/\/politicapatagonica.com\/index.php\/wp-json\/wp\/v2\/categories?post=3962"},{"taxonomy":"post_tag","embeddable":true,"href":"https:\/\/politicapatagonica.com\/index.php\/wp-json\/wp\/v2\/tags?post=3962"}],"curies":[{"name":"wp","href":"https:\/\/api.w.org\/{rel}","templated":true}]}}