{"id":3954,"date":"2024-05-06T21:53:15","date_gmt":"2024-05-06T21:53:15","guid":{"rendered":"https:\/\/politicapatagonica.com\/?p=3954"},"modified":"2024-05-09T11:04:56","modified_gmt":"2024-05-09T11:04:56","slug":"torres-anuncio-que-todos-los-gobernadores-presentaran-un-pacto-federal","status":"publish","type":"post","link":"https:\/\/politicapatagonica.com\/index.php\/2024\/05\/06\/torres-anuncio-que-todos-los-gobernadores-presentaran-un-pacto-federal\/","title":{"rendered":"El gobernador de Chubut anunci\u00f3 que todos los gobernadores presentar\u00e1n un &#8220;Pacto Federal&#8221;"},"content":{"rendered":"\n<p><strong>El gobernador de Chubut, Ignacio &#8220;Nacho&#8221; Torres,<\/strong> anunci\u00f3 este lunes que antes del <strong>&#8220;Pacto de Mayo&#8221; <\/strong>convocado por el presidente Javier Milei a realizarse en <strong>C\u00f3rdoba,<\/strong> junto al resto de los mandatarios provinciales presentar\u00e1 el <strong>&#8220;Pacto Federal&#8221; <\/strong>para plantearle al Gobierno antes del 25 de mayo.<\/p>\n\n\n\n<p>&#8220;Ser\u00e1 interesante lo que va a pasar previo al Pacto de Mayo, las provincias vamos a tener nuestro Pacto Federal&#8221;, indic\u00f3, y revel\u00f3 que pronto se oficializar\u00e1 la fecha, que caer\u00e1 antes del 25 de mayo.<\/p>\n\n\n\n<p><strong>Seg\u00fan dijo, &#8220;cualquier pacto no tiene que ser declarativo o de adhesi\u00f3n, tiene que surgir de las provincias&#8221;.<\/strong><\/p>\n\n\n\n<p>&#8220;Ah\u00ed habl\u00e9 con quien preside la zona Centro que es Maximiliano Pullaro (gobernador de Santa Fe) y quien preside el Norte Grande que es Gerardo Zamora (gobernador de Santiago del Estero) para terminar de redactar nuestros propios 10 puntos, elevarlos al Gobierno Nacional y que sea consensuada una agenda que necesita la Argentina&#8221;, manifest\u00f3.<\/p>\n\n\n\n<p>Torres adelant\u00f3 que en el contenido de ese Pacto Federal <strong>estar\u00e1 &#8220;primero la defensa irrestricta de la Educaci\u00f3n P\u00fablica&#8221;.<\/strong><\/p>\n\n\n\n<p><strong>&#8220;No queremos se debata m\u00e1s sobre la importancia estrat\u00e9gica de algo que para nosotros es esencial y clave para el desarrollo de nuestro pa\u00eds y tambi\u00e9n federalismo fiscal&#8221;, expres\u00f3 al respecto.<\/strong><\/p>\n\n\n\n<p>Adem\u00e1s, sostuvo que &#8220;<strong>un pacto fiscal tiene que contemplar el federalismo fiscal <\/strong>porque en los \u00faltimos 30 a\u00f1os cada vez que se gener\u00f3 un impuesto nuevo con asignaciones espec\u00edficas, el Gobierno Central abraza la masa coparticipable con voracidad recaudatoria&#8221;.<\/p>\n\n\n\n<p><strong>&#8220;Y en paralelo, le dice a las provincias &#8221;hacete cargo de la Salud, de la Educaci\u00f3n, de la Seguridad&#8217;, pero cada vez es m\u00e1s chico el pedazo de la torta que le corresponde a las provincias&#8221;,<\/strong> agreg\u00f3.<\/p>\n\n\n\n<p><strong>Fuente: www.eldiariodelapampa.com.ar<\/strong><\/p>\n","protected":false},"excerpt":{"rendered":"<p>El gobernador de Chubut, Ignacio &#8220;Nacho&#8221; Torres, anunci\u00f3 este lunes que antes del &#8220;Pacto de Mayo&#8221; convocado por el presidente Javier Milei a realizarse en C\u00f3rdoba, junto al resto de los mandatarios provinciales presentar\u00e1 el &#8220;Pacto Federal&#8221; para plantearle al Gobierno antes del 25 de mayo. &#8220;Ser\u00e1 interesante lo que va a pasar previo al [&hellip;]<\/p>\n","protected":false},"author":5,"featured_media":3955,"comment_status":"open","ping_status":"open","sticky":false,"template":"","format":"standard","meta":[],"categories":[14],"tags":[],"_links":{"self":[{"href":"https:\/\/politicapatagonica.com\/index.php\/wp-json\/wp\/v2\/posts\/3954"}],"collection":[{"href":"https:\/\/politicapatagonica.com\/index.php\/wp-json\/wp\/v2\/posts"}],"about":[{"href":"https:\/\/politicapatagonica.com\/index.php\/wp-json\/wp\/v2\/types\/post"}],"author":[{"embeddable":true,"href":"https:\/\/politicapatagonica.com\/index.php\/wp-json\/wp\/v2\/users\/5"}],"replies":[{"embeddable":true,"href":"https:\/\/politicapatagonica.com\/index.php\/wp-json\/wp\/v2\/comments?post=3954"}],"version-history":[{"count":2,"href":"https:\/\/politicapatagonica.com\/index.php\/wp-json\/wp\/v2\/posts\/3954\/revisions"}],"predecessor-version":[{"id":3975,"href":"https:\/\/politicapatagonica.com\/index.php\/wp-json\/wp\/v2\/posts\/3954\/revisions\/3975"}],"wp:featuredmedia":[{"embeddable":true,"href":"https:\/\/politicapatagonica.com\/index.php\/wp-json\/wp\/v2\/media\/3955"}],"wp:attachment":[{"href":"https:\/\/politicapatagonica.com\/index.php\/wp-json\/wp\/v2\/media?parent=3954"}],"wp:term":[{"taxonomy":"category","embeddable":true,"href":"https:\/\/politicapatagonica.com\/index.php\/wp-json\/wp\/v2\/categories?post=3954"},{"taxonomy":"post_tag","embeddable":true,"href":"https:\/\/politicapatagonica.com\/index.php\/wp-json\/wp\/v2\/tags?post=3954"}],"curies":[{"name":"wp","href":"https:\/\/api.w.org\/{rel}","templated":true}]}}