{"id":3948,"date":"2024-05-03T20:46:32","date_gmt":"2024-05-03T20:46:32","guid":{"rendered":"https:\/\/politicapatagonica.com\/?p=3948"},"modified":"2024-05-03T20:46:34","modified_gmt":"2024-05-03T20:46:34","slug":"el-soeme-presento-tres-propuestas-que-analizara-el-municipio","status":"publish","type":"post","link":"https:\/\/politicapatagonica.com\/index.php\/2024\/05\/03\/el-soeme-presento-tres-propuestas-que-analizara-el-municipio\/","title":{"rendered":"El SOEME present\u00f3 tres propuestas que analizar\u00e1 el Municipio"},"content":{"rendered":"\n<p>El Sindicato Obreros y Empleados Municipales de Esquel y Zona Oeste, este viernes por la ma\u00f1ana en la Delegaci\u00f3n Regional Esquel de la Secretar\u00eda de Trabajo de la Provincia, mantuvo una nueva audiencia de conciliaci\u00f3n con el Departamento Ejecutivo Municipal, con la presencia del secretario de Trabajo, Nicol\u00e1s Z\u00e1rate.<\/p>\n\n\n\n<p>Luego de que liquidara de manera unilateral los sueldos del mes de abril, con un aumento del 15%, el Ejecutivo Municipal ofreci\u00f3 nuevamente una mejora salarial del 15% que ya se abon\u00f3, 15% en mayo, y revisi\u00f3n en julio.<\/p>\n\n\n\n<p>Por su parte el SOEME y ZO present\u00f3 tres propuestas, sujetas a la consideraci\u00f3n de la asamblea de trabajadores municipales. La primera consiste en el 15% que se pag\u00f3 en abril, el 15% en mayo retroactivo al mes de abril, y retomar las negociaciones paritarias en junio.<\/p>\n\n\n\n<p>La segunda ser\u00eda el 15% que ya se abon\u00f3 en abril, 20% en mayo y sentarse a negociar en junio. Mientras que la tercera ser\u00eda el 15% que se pag\u00f3 en abril, un 20% en mayo, incorporar una suma remunerativa al b\u00e1sico, y juntarse en julio.<\/p>\n\n\n\n<p>La Secretar\u00eda de Trabajo resolvi\u00f3 que la audiencia pase a cuarto intermedio, para que las propuestas sean analizadas por el Departamento Ejecutivo Municipal, y se fij\u00f3 una nueva audiencia para el lunes 6 de mayo a las 10 horas.<\/p>\n\n\n\n<p>El SOEME y ZO estuvo representado por el secretario general, Antonio Osorio; el secretario Adjunto, Jorge Luis Antipan; la secretaria de Actas de la Seccional de Esquel, Graciela Avil\u00e9s; y el asesor legal Dr. Juan Esteban Rimoldi. En tanto por la Municipalidad de Esquel estuvieron presentes la secretaria de Econom\u00eda, Florencia Garzonio, y la subsecretaria de Coordinaci\u00f3n, Roc\u00edo Ferr\u00e9. Trabajadores afiliados a ATE Seccional Esquel, fueron representados por la delegada Soledad Ardito.<\/p>\n\n\n\n<p><strong>\u201cLa propuesta del Ejecutivo fue un retroceso\u201d<\/strong><\/p>\n\n\n\n<p>Finalizada la audiencia, el asesor legal del SOEME y ZO, Dr. Juan Esteban Rimoldi, sostuvo que la presencia del secretario de Trabajo de la Provincia, Nicol\u00e1s Zarate, renov\u00f3 las expectativas y \u201cpor eso concurrimos a la audiencia\u201d.<\/p>\n\n\n\n<p>Sin embargo, coment\u00f3 que se encontraron con la misma postura que el Departamento Ejecutivo Municipal viene mostrando a lo largo de los encuentros. \u201cLa propuesta fue un retroceso, porque de hablar de un 30% y mantener la paritaria en julio, pasamos a dos cuotas de 15% y la paritaria en julio\u201d, indic\u00f3. Rimoldi destac\u00f3 como positiva la intervenci\u00f3n del secretario de Trabajo, porque inst\u00f3 al Departamento Ejecutivo a intentar hacer alguna propuesta superadora.<\/p>\n\n\n\n<p>Tambi\u00e9n expres\u00f3 que \u201clas entidades sindicales (SOEME y ATE) insistimos en que necesitamos avanzar, porque di\u00e1logo no es juntarnos a charlar del clima, di\u00e1logo es juntarnos con propuestas concretas que superen a aquellas que no funcionaron, as\u00ed que la expectativa para el lunes es que el Ejecutivo Municipal tenga alguna definici\u00f3n\u201d.<\/p>\n\n\n\n<p><strong>Los plazos<\/strong><\/p>\n\n\n\n<p>El asesor legal del SOEME, dijo a Jornada que considera que se est\u00e1 dilatando la discusi\u00f3n salarial, porque han transcurrido dos semanas sin avance, y se abre la expectativa para el lunes.<\/p>\n\n\n\n<p>Juan Esteban Rimoldi record\u00f3 que el periodo de conciliaci\u00f3n obligatoria vencer\u00e1 el 14 de mayo, y de no haber acuerdo hasta esa fecha, a partir del d\u00eda 15 las partes quedar\u00e1n liberadas para tomar las medidas que consideren necesarias.<\/p>\n\n\n\n<p><strong>Fuente: www.diariojornada.com.ar<\/strong><\/p>\n","protected":false},"excerpt":{"rendered":"<p>El Sindicato Obreros y Empleados Municipales de Esquel y Zona Oeste, este viernes por la ma\u00f1ana en la Delegaci\u00f3n Regional Esquel de la Secretar\u00eda de Trabajo de la Provincia, mantuvo una nueva audiencia de conciliaci\u00f3n con el Departamento Ejecutivo Municipal, con la presencia del secretario de Trabajo, Nicol\u00e1s Z\u00e1rate. Luego de que liquidara de manera [&hellip;]<\/p>\n","protected":false},"author":5,"featured_media":3949,"comment_status":"open","ping_status":"open","sticky":false,"template":"","format":"standard","meta":[],"categories":[14],"tags":[],"_links":{"self":[{"href":"https:\/\/politicapatagonica.com\/index.php\/wp-json\/wp\/v2\/posts\/3948"}],"collection":[{"href":"https:\/\/politicapatagonica.com\/index.php\/wp-json\/wp\/v2\/posts"}],"about":[{"href":"https:\/\/politicapatagonica.com\/index.php\/wp-json\/wp\/v2\/types\/post"}],"author":[{"embeddable":true,"href":"https:\/\/politicapatagonica.com\/index.php\/wp-json\/wp\/v2\/users\/5"}],"replies":[{"embeddable":true,"href":"https:\/\/politicapatagonica.com\/index.php\/wp-json\/wp\/v2\/comments?post=3948"}],"version-history":[{"count":1,"href":"https:\/\/politicapatagonica.com\/index.php\/wp-json\/wp\/v2\/posts\/3948\/revisions"}],"predecessor-version":[{"id":3950,"href":"https:\/\/politicapatagonica.com\/index.php\/wp-json\/wp\/v2\/posts\/3948\/revisions\/3950"}],"wp:featuredmedia":[{"embeddable":true,"href":"https:\/\/politicapatagonica.com\/index.php\/wp-json\/wp\/v2\/media\/3949"}],"wp:attachment":[{"href":"https:\/\/politicapatagonica.com\/index.php\/wp-json\/wp\/v2\/media?parent=3948"}],"wp:term":[{"taxonomy":"category","embeddable":true,"href":"https:\/\/politicapatagonica.com\/index.php\/wp-json\/wp\/v2\/categories?post=3948"},{"taxonomy":"post_tag","embeddable":true,"href":"https:\/\/politicapatagonica.com\/index.php\/wp-json\/wp\/v2\/tags?post=3948"}],"curies":[{"name":"wp","href":"https:\/\/api.w.org\/{rel}","templated":true}]}}