{"id":3945,"date":"2024-05-03T20:31:56","date_gmt":"2024-05-03T20:31:56","guid":{"rendered":"https:\/\/politicapatagonica.com\/?p=3945"},"modified":"2024-05-03T20:31:57","modified_gmt":"2024-05-03T20:31:57","slug":"weretilneck-anuncio-la-continuidad-de-obras-claves-para-bariloche","status":"publish","type":"post","link":"https:\/\/politicapatagonica.com\/index.php\/2024\/05\/03\/weretilneck-anuncio-la-continuidad-de-obras-claves-para-bariloche\/","title":{"rendered":"Weretilneck anunci\u00f3 la continuidad de obras claves para Bariloche"},"content":{"rendered":"\n<p>En el marco de los actos por el aniversario de Bariloche, el gobernador&nbsp;<strong>Alberto Weretilneck&nbsp;<\/strong>anunci\u00f3 la continuidad de una serie de obras clave para el desarrollo y mejora de la infraestructura de la ciudad, que se llevar\u00e1n a cabo tras la temporada invernal.<\/p>\n\n\n\n<p>El mandatario indic\u00f3 que se reanudar\u00e1 la\u00a0<strong>construcci\u00f3n de la nueva<\/strong>\u00a0<strong>terminal de \u00f3mnibus,<\/strong>\u00a0que actualmente se encuentra paralizada.<\/p>\n\n\n\n<p>Adem\u00e1s, Weretilneck puso especial \u00e9nfasis en la salud p\u00fablica al confirmar que la finalizaci\u00f3n de la&nbsp;<strong>ampliaci\u00f3n del Hospital de Bariloche es una prioridad<\/strong>. &#8220;Es una necesidad urgente para toda la comunidad&#8221;, afirm\u00f3.<\/p>\n\n\n\n<p>En respuesta a una creciente demanda de atenci\u00f3n r\u00e1pida ante emergencias, el Weretilneck anunci\u00f3 tambi\u00e9n el fortalecimiento del\u00a0<strong>sistema de emergencias SIARME<\/strong>\u00a0que busca complementar los servicios del hospital y ofrecer una respuesta m\u00e1s \u00e1gil y eficiente en situaciones cr\u00edticas.<\/p>\n\n\n\n<p>Weretilneck tambi\u00e9n anunci\u00f3 la construcci\u00f3n de una<strong>&nbsp;nueva escuela secundaria en el kil\u00f3metro 19, sector oeste de la ciudad.&nbsp;<\/strong>Por otro lado&nbsp;la&nbsp;<strong>construcci\u00f3n del vertedero regional<\/strong>&nbsp;es otra de las obras que el gobernador ha recalificado como urgente y necesaria para Bariloche.<\/p>\n\n\n\n<p>Finalmente, la trama vial de la ciudad ver\u00e1 mejoras significativas. Con el apoyo provincial, se avanzar\u00e1 en la&nbsp;<strong>pavimentaci\u00f3n y mejoramiento de las calles,<\/strong>&nbsp;facilitando as\u00ed la movilidad urbana y mejorando la calidad de vida de los habitantes.<\/p>\n\n\n\n<p>Weretilneck destac\u00f3 la\u00a0<strong>coordinaci\u00f3n con el intendente Walter Cort\u00e9s\u00a0<\/strong>en estos proyectos, subrayando la importancia del trabajo conjunto y la visi\u00f3n a largo plazo. &#8220;<strong>No admitimos otra forma de trabajar que no sea coordinadamente y mirando mucho hacia el futuro&#8221;<\/strong>, enfatiz\u00f3 el gobernador.<\/p>\n\n\n\n<p><strong>Fuente: www.barilocheopina.com<\/strong><\/p>\n","protected":false},"excerpt":{"rendered":"<p>En el marco de los actos por el aniversario de Bariloche, el gobernador&nbsp;Alberto Weretilneck&nbsp;anunci\u00f3 la continuidad de una serie de obras clave para el desarrollo y mejora de la infraestructura de la ciudad, que se llevar\u00e1n a cabo tras la temporada invernal. El mandatario indic\u00f3 que se reanudar\u00e1 la\u00a0construcci\u00f3n de la nueva\u00a0terminal de \u00f3mnibus,\u00a0que actualmente [&hellip;]<\/p>\n","protected":false},"author":5,"featured_media":3946,"comment_status":"open","ping_status":"open","sticky":false,"template":"","format":"standard","meta":[],"categories":[13],"tags":[],"_links":{"self":[{"href":"https:\/\/politicapatagonica.com\/index.php\/wp-json\/wp\/v2\/posts\/3945"}],"collection":[{"href":"https:\/\/politicapatagonica.com\/index.php\/wp-json\/wp\/v2\/posts"}],"about":[{"href":"https:\/\/politicapatagonica.com\/index.php\/wp-json\/wp\/v2\/types\/post"}],"author":[{"embeddable":true,"href":"https:\/\/politicapatagonica.com\/index.php\/wp-json\/wp\/v2\/users\/5"}],"replies":[{"embeddable":true,"href":"https:\/\/politicapatagonica.com\/index.php\/wp-json\/wp\/v2\/comments?post=3945"}],"version-history":[{"count":1,"href":"https:\/\/politicapatagonica.com\/index.php\/wp-json\/wp\/v2\/posts\/3945\/revisions"}],"predecessor-version":[{"id":3947,"href":"https:\/\/politicapatagonica.com\/index.php\/wp-json\/wp\/v2\/posts\/3945\/revisions\/3947"}],"wp:featuredmedia":[{"embeddable":true,"href":"https:\/\/politicapatagonica.com\/index.php\/wp-json\/wp\/v2\/media\/3946"}],"wp:attachment":[{"href":"https:\/\/politicapatagonica.com\/index.php\/wp-json\/wp\/v2\/media?parent=3945"}],"wp:term":[{"taxonomy":"category","embeddable":true,"href":"https:\/\/politicapatagonica.com\/index.php\/wp-json\/wp\/v2\/categories?post=3945"},{"taxonomy":"post_tag","embeddable":true,"href":"https:\/\/politicapatagonica.com\/index.php\/wp-json\/wp\/v2\/tags?post=3945"}],"curies":[{"name":"wp","href":"https:\/\/api.w.org\/{rel}","templated":true}]}}