{"id":3936,"date":"2024-05-02T21:04:30","date_gmt":"2024-05-02T21:04:30","guid":{"rendered":"https:\/\/politicapatagonica.com\/?p=3936"},"modified":"2024-05-03T10:49:38","modified_gmt":"2024-05-03T10:49:38","slug":"el-tribunal-superior-de-justicia-de-neuquen-adhirio-formalmente-a-la-regionalizacion-de-figueroa","status":"publish","type":"post","link":"https:\/\/politicapatagonica.com\/index.php\/2024\/05\/02\/el-tribunal-superior-de-justicia-de-neuquen-adhirio-formalmente-a-la-regionalizacion-de-figueroa\/","title":{"rendered":"El Tribunal Superior de Justicia de Neuqu\u00e9n adhiri\u00f3 formalmente a la regionalizaci\u00f3n de Figueroa"},"content":{"rendered":"\n<p><strong>El gobernador Rolando Figueroa se reuni\u00f3\u00a0por segunda vez en el a\u00f1o<\/strong>\u00a0(al menos p\u00fablicamente) <strong>con la presidenta del Tribunal Superior de Justicia de Neuqu\u00e9n<\/strong>, Soledad Gennari, y los cuatro vocales, Alfredo Elosu Larumbe, Evaldo Moya, Germ\u00e1n Busamia y Gustavo Mazieres, para avanzar en la regionalizaci\u00f3n del Poder Judicial. Al encuentro se sum\u00f3 la vicegobernadora, Gloria Ruiz.<\/p>\n\n\n\n<p>Actualmente la justicia provincial est\u00e1 organizada sobre la base de cinco circunscripciones. Gennari firm\u00f3 hoy un compromiso para reestructurar este diagrama en las siete regiones que defini\u00f3 el gobierno:&nbsp;<strong>norte, sur, confluencia, comarca petrolera, centro oeste, vaca muerta, limay medio.<\/strong><\/p>\n\n\n\n<p>El prop\u00f3sito es que esta sea la premisa que ordene todas las \u00e1reas.&nbsp;<strong>Tambi\u00e9n se modificar\u00e1n las zonas sanitarias, los distritos escolares y el organigrama de la polic\u00eda.<\/strong><\/p>\n\n\n\n<p>Como anticip\u00f3&nbsp;<strong>R\u00cdO NEGRO<\/strong>&nbsp;este fin de semana, Gennari quiere aprovechar la oportunidad para hacer&nbsp;una revisi\u00f3n integral de la ley Org\u00e1nica del Poder Judicial que fija la delimitaci\u00f3n territorial.<\/p>\n\n\n\n<p>Hasta el momento no hay precisiones sobre c\u00f3mo ser\u00e1 la creaci\u00f3n de las regiones vaca muerta y limay medio,&nbsp;<strong>desprendimientos de lo que se conoce hoy como primera circunscripci\u00f3n judicial, que concentra el 65% de la demanda de trabajo.&nbsp;<\/strong>\u00bfCada fuero tendr\u00e1 un representante?, \u00bfSe alquilar\u00e1n edificios?, \u00bfHabr\u00e1 llamados a concurso o se le pedir\u00e1 funcionarios y funcionarias que viajen peri\u00f3dicamente hacia esa zona? Son preguntas para las que a\u00fan no hay respuestas.<\/p>\n\n\n\n<p>De acuerdo a la informaci\u00f3n oficial, al terminar el encuentro Gennari sostuvo: &#8220;hemos hecho un trabajo de comparaci\u00f3n con las circunscripciones \u2013 que pasar\u00edan a ser regiones- y tenemos por suerte coincidencia en la mayor\u00eda de las cabeceras salvo en las regiones nuevas, as\u00ed que estamos muy esperanzados y realmente contentos de poder darle al Poder Judicial tambi\u00e9n esta impronta homog\u00e9nea con la provincia&#8221;.<\/p>\n\n\n\n<p><strong>&#8220;Es un gran paso&#8221;<\/strong><\/p>\n\n\n\n<p>R\u00cdO NEGRO le consult\u00f3 tambi\u00e9n a la defensora general, Vanina Merlo, que posici\u00f3n tomar\u00e1 el ministerio p\u00fablico que conduce respecto de este nuevo esquema.<\/p>\n\n\n\n<p>&#8220;La regionalizaci\u00f3n es parte de un proceso que es necesario darse. Hoy todos los organismos del Estado tienen esquemas de regionalizaci\u00f3n distintos, y eso dificulta la cuesti\u00f3n operativa, la de jurisdicci\u00f3n, de competencias. Afecta concretamente la prestaci\u00f3n de los servicios y la articulaci\u00f3n para que sean m\u00e1s eficientes.&nbsp;<strong>Me parece que es muy saludable que se d\u00e9 este debate y se consensue un esquema unificado&#8221;<\/strong>, afirm\u00f3.<\/p>\n\n\n\n<p>Merlo se\u00f1al\u00f3 que &#8220;es un gran paso que implicar\u00e1 grandes desaf\u00edos y un fuerte trabajo y compromiso de las instituciones del Estado&#8221;. La funcionaria no anticip\u00f3 c\u00f3mo distribuir\u00e1 el personal para cubrir las siete regiones.<\/p>\n\n\n\n<p><strong>Fuente: www.rionegro.com.ar<\/strong><\/p>\n\n\n\n<p><a href=\"https:\/\/www.rionegro.com.ar\/justicia\/regionalizacion-y-ajuste-el-plan-del-tribunal-superior-de-justicia-de-neuquen-3545551\/\"><\/a><\/p>\n","protected":false},"excerpt":{"rendered":"<p>El gobernador Rolando Figueroa se reuni\u00f3\u00a0por segunda vez en el a\u00f1o\u00a0(al menos p\u00fablicamente) con la presidenta del Tribunal Superior de Justicia de Neuqu\u00e9n, Soledad Gennari, y los cuatro vocales, Alfredo Elosu Larumbe, Evaldo Moya, Germ\u00e1n Busamia y Gustavo Mazieres, para avanzar en la regionalizaci\u00f3n del Poder Judicial. Al encuentro se sum\u00f3 la vicegobernadora, Gloria Ruiz. [&hellip;]<\/p>\n","protected":false},"author":5,"featured_media":3937,"comment_status":"open","ping_status":"open","sticky":false,"template":"","format":"standard","meta":[],"categories":[9],"tags":[],"_links":{"self":[{"href":"https:\/\/politicapatagonica.com\/index.php\/wp-json\/wp\/v2\/posts\/3936"}],"collection":[{"href":"https:\/\/politicapatagonica.com\/index.php\/wp-json\/wp\/v2\/posts"}],"about":[{"href":"https:\/\/politicapatagonica.com\/index.php\/wp-json\/wp\/v2\/types\/post"}],"author":[{"embeddable":true,"href":"https:\/\/politicapatagonica.com\/index.php\/wp-json\/wp\/v2\/users\/5"}],"replies":[{"embeddable":true,"href":"https:\/\/politicapatagonica.com\/index.php\/wp-json\/wp\/v2\/comments?post=3936"}],"version-history":[{"count":2,"href":"https:\/\/politicapatagonica.com\/index.php\/wp-json\/wp\/v2\/posts\/3936\/revisions"}],"predecessor-version":[{"id":3943,"href":"https:\/\/politicapatagonica.com\/index.php\/wp-json\/wp\/v2\/posts\/3936\/revisions\/3943"}],"wp:featuredmedia":[{"embeddable":true,"href":"https:\/\/politicapatagonica.com\/index.php\/wp-json\/wp\/v2\/media\/3937"}],"wp:attachment":[{"href":"https:\/\/politicapatagonica.com\/index.php\/wp-json\/wp\/v2\/media?parent=3936"}],"wp:term":[{"taxonomy":"category","embeddable":true,"href":"https:\/\/politicapatagonica.com\/index.php\/wp-json\/wp\/v2\/categories?post=3936"},{"taxonomy":"post_tag","embeddable":true,"href":"https:\/\/politicapatagonica.com\/index.php\/wp-json\/wp\/v2\/tags?post=3936"}],"curies":[{"name":"wp","href":"https:\/\/api.w.org\/{rel}","templated":true}]}}