{"id":3933,"date":"2024-04-30T21:22:59","date_gmt":"2024-04-30T21:22:59","guid":{"rendered":"https:\/\/politicapatagonica.com\/?p=3933"},"modified":"2024-04-30T21:23:00","modified_gmt":"2024-04-30T21:23:00","slug":"diputados-aprobo-el-paquete-fiscal-blanqueo-de-capitales-impuesto-a-las-ganancias-y-monotributo-social","status":"publish","type":"post","link":"https:\/\/politicapatagonica.com\/index.php\/2024\/04\/30\/diputados-aprobo-el-paquete-fiscal-blanqueo-de-capitales-impuesto-a-las-ganancias-y-monotributo-social\/","title":{"rendered":"Diputados aprob\u00f3 el paquete fiscal: Blanqueo de Capitales, Impuesto a las Ganancias y Monotributo Social"},"content":{"rendered":"\n<p>Con 140 votos a favor, 103 negativos y 6 abstenciones&nbsp;el oficialismo consigui\u00f3 la media sanci\u00f3n de la iniciativa en general. A continuaci\u00f3n se debati\u00f3 por t\u00edtulos y la sesi\u00f3n finaliz\u00f3 luego de 30 horas de discusi\u00f3n.&nbsp;<\/p>\n\n\n\n<p>Pasadas las 17 horas, el presidente de la C\u00e1mara Baja,\u00a0<strong>Mart\u00edn Menem<\/strong>, dio por concluida la sesi\u00f3n que inici\u00f3 el lunes 29 de abril al mediod\u00eda. El oficialismo consigui\u00f3 sus objetivos y logr\u00f3 darle media sanci\u00f3n a las dos leyes que impuls\u00f3, como herramientas de gesti\u00f3n, el presidente\u00a0<strong>Javier Milei<\/strong>.<\/p>\n\n\n\n<p>El paquete fiscal incluye las modificaciones a Bienes Personales, el&nbsp;blanqueo de capitales, la restituci\u00f3n de la cuarta categor\u00eda del Impuesto a las Ganancias y modificaciones al Monotributo Social, entre otras.&nbsp;<\/p>\n\n\n\n<p><strong>AS\u00cd FUE LA VOTACI\u00d3N PARTICULAR&nbsp;<\/strong><\/p>\n\n\n\n<p><strong>Blanqueo de Capitales<\/strong><\/p>\n\n\n\n<p>Pasadas las 15.40 se aprob\u00f3 el t\u00edtulo segundo, que introduce el&nbsp;<strong>blanqueo de capitales<\/strong>. Esta medida permite a quienes tengan fondos no declarados los introduzcan al sistema legal, hasta 100 mil d\u00f3lares sin pagar impuestos.<strong>El&nbsp;blanqueo&nbsp;de activos, por su parte, fue respaldada con&nbsp;131 voluntades&nbsp;contra&nbsp;117 diputados&nbsp;por la negativa.<\/strong><\/p>\n\n\n\n<p>El blanqueo de capitales fue uno de las medidas m\u00e1s discutidas por los bloques opositores. Durante la discusi\u00f3n en particular, el diputado\u00a0<strong>Carlos Heller\u00a0<\/strong>(UxP) reclam\u00f3 cambiar cu\u00e1l es el a\u00f1o l\u00edmite de exclusi\u00f3n para ex funcionarios. La norma lo establece por cinco a\u00f1os y el legislador opositor pidi\u00f3 que fuese modificado\u00a0<strong>hasta 10 a\u00f1os<\/strong>\u00a0para contemplar a quienes integraron el gobierno de Cambiemos. El miembro informante<strong>\u00a0Jos\u00e9 Luis Espert<\/strong>\u00a0descart\u00f3 la modificaci\u00f3n.<\/p>\n\n\n\n<p><strong>Bienes Personales: Baja en las al\u00edcuotas y un premio a cumplidores<\/strong><\/p>\n\n\n\n<p>Fue el tercer cap\u00edtulo aprobado en la discusi\u00f3n en particular del paquete fiscal que envi\u00f3 el Poder Ejecutivo.<\/p>\n\n\n\n<p>Una serie de cambios en el impuesto a los&nbsp;<strong>Bienes Personales<\/strong>&nbsp;obtuvieron media sanci\u00f3n en la C\u00e1mara de Diputados. Las modificaciones incluyen un<strong>&nbsp;premio a contribuyentes cumplidores<\/strong>&nbsp;y, lo que fue m\u00e1s discutido por los bloques de la oposici\u00f3n, un&nbsp;<strong>recorte paultino a\u00f1o por a\u00f1o de las al\u00edcuotas&nbsp;<\/strong>del gravamen sobre el patrimonio. La votaci\u00f3n fue de&nbsp;<strong>142 votos positivos&nbsp;<\/strong>contra&nbsp;<strong>106 negativos<\/strong>.<\/p>\n\n\n\n<p><strong>Restituci\u00f3n del Impuesto a las Ganancias<\/strong><\/p>\n\n\n\n<p>Como parte del nuevo paquete fiscal se aprob\u00f3 esta tarde en la C\u00e1mara de Diputados el\u00a0<strong>restablecimiento del Impuesto a las Ganancias<\/strong>\u00a0para los trabajadores en relaci\u00f3n de dependencia que se hab\u00eda eliminado a fines del a\u00f1o pasado a instancias del entonces ministro y candidato presidencial<strong>\u00a0Sergio Massa<\/strong>\u00a0y que adem\u00e1s fue votada en la c\u00e1mara baja por el propio\u00a0<strong>Javier Milei<\/strong>. La votaci\u00f3n a favor de la restituci\u00f3n de la cuarta categor\u00eda de Ganancias tuvo\u00a0<strong>132 votos positivos<\/strong>\u00a0y\u00a0<strong>113 negativos<\/strong>.<\/p>\n\n\n\n<p>El diputado<strong>&nbsp;Jorge \u00c1vila de Chubut<\/strong>&nbsp;tom\u00f3 la palabra: &#8220;Vamos a votar en contra porque tenemos una historia con el Impuesto a las Ganancias&#8221; y agreg\u00f3 que &#8220;puedo decir claramente lo que significa para un trabajador petrolero pagar Ganancias, porque al final de todo, somos los \u00fanicos que lo&nbsp;pagamos, somos los que m\u00e1s tributamos. Esa la verdad&#8221;&nbsp;<\/p>\n\n\n\n<p>&#8220;\u00bfC\u00f3mo vamos a poner m\u00e1s plata de la que ya ponemos? \u00bfC\u00f3mo creen que vamos a votar esto? Van a terminar con la paz social&#8221;, argument\u00f3.&nbsp;&nbsp;&#8220;Este proyecto va a romper la paz social que ustedes est\u00e1n cuidando en todos los yacimientos petroleros&#8221;, culmin\u00f3.&nbsp;<\/p>\n\n\n\n<p><strong>Cambios al Monotributo social&nbsp;<\/strong><\/p>\n\n\n\n<p>El proyecto de ley sobre medidas fiscales que se aprob\u00f3 en el Congreso incluye\u00a0<strong>cambios significativos en el monotributo.\u00a0<\/strong>Uno de ellos es la\u00a0<strong>eliminaci\u00f3n de la diferencia hoy vigente en el tope de ingresos permitidos para estar en el r\u00e9gimen,<\/strong>\u00a0seg\u00fan se trate de personas dedicadas al comercio o a la prestaci\u00f3n de servicios.<\/p>\n\n\n\n<p><strong>Fuente: www.elchubut.com.ar<\/strong><\/p>\n","protected":false},"excerpt":{"rendered":"<p>Con 140 votos a favor, 103 negativos y 6 abstenciones&nbsp;el oficialismo consigui\u00f3 la media sanci\u00f3n de la iniciativa en general. A continuaci\u00f3n se debati\u00f3 por t\u00edtulos y la sesi\u00f3n finaliz\u00f3 luego de 30 horas de discusi\u00f3n.&nbsp; Pasadas las 17 horas, el presidente de la C\u00e1mara Baja,\u00a0Mart\u00edn Menem, dio por concluida la sesi\u00f3n que inici\u00f3 el [&hellip;]<\/p>\n","protected":false},"author":5,"featured_media":3934,"comment_status":"open","ping_status":"open","sticky":false,"template":"","format":"standard","meta":[],"categories":[14],"tags":[],"_links":{"self":[{"href":"https:\/\/politicapatagonica.com\/index.php\/wp-json\/wp\/v2\/posts\/3933"}],"collection":[{"href":"https:\/\/politicapatagonica.com\/index.php\/wp-json\/wp\/v2\/posts"}],"about":[{"href":"https:\/\/politicapatagonica.com\/index.php\/wp-json\/wp\/v2\/types\/post"}],"author":[{"embeddable":true,"href":"https:\/\/politicapatagonica.com\/index.php\/wp-json\/wp\/v2\/users\/5"}],"replies":[{"embeddable":true,"href":"https:\/\/politicapatagonica.com\/index.php\/wp-json\/wp\/v2\/comments?post=3933"}],"version-history":[{"count":1,"href":"https:\/\/politicapatagonica.com\/index.php\/wp-json\/wp\/v2\/posts\/3933\/revisions"}],"predecessor-version":[{"id":3935,"href":"https:\/\/politicapatagonica.com\/index.php\/wp-json\/wp\/v2\/posts\/3933\/revisions\/3935"}],"wp:featuredmedia":[{"embeddable":true,"href":"https:\/\/politicapatagonica.com\/index.php\/wp-json\/wp\/v2\/media\/3934"}],"wp:attachment":[{"href":"https:\/\/politicapatagonica.com\/index.php\/wp-json\/wp\/v2\/media?parent=3933"}],"wp:term":[{"taxonomy":"category","embeddable":true,"href":"https:\/\/politicapatagonica.com\/index.php\/wp-json\/wp\/v2\/categories?post=3933"},{"taxonomy":"post_tag","embeddable":true,"href":"https:\/\/politicapatagonica.com\/index.php\/wp-json\/wp\/v2\/tags?post=3933"}],"curies":[{"name":"wp","href":"https:\/\/api.w.org\/{rel}","templated":true}]}}