{"id":3929,"date":"2024-04-30T20:26:04","date_gmt":"2024-04-30T20:26:04","guid":{"rendered":"https:\/\/politicapatagonica.com\/?p=3929"},"modified":"2024-04-30T20:26:05","modified_gmt":"2024-04-30T20:26:05","slug":"como-votaron-los-diputados-de-santa-cruz-la-reversion-al-impuesto-a-las-ganancias-y-el-blanqueo-de-capitales","status":"publish","type":"post","link":"https:\/\/politicapatagonica.com\/index.php\/2024\/04\/30\/como-votaron-los-diputados-de-santa-cruz-la-reversion-al-impuesto-a-las-ganancias-y-el-blanqueo-de-capitales\/","title":{"rendered":"C\u00f3mo votaron los diputados de Santa Cruz la reversi\u00f3n al impuesto a las Ganancias y el blanqueo de capitales"},"content":{"rendered":"\n<p>La C\u00e1mara de Diputados aprob\u00f3 este martes por la tarde la Ley de Medidas Fiscales, Paliativas y Relevantes con 140 votos positivos, 103 negativos y 6 abstenciones.<\/p>\n\n\n\n<p>As\u00ed, la administraci\u00f3n de\u00a0<strong>Javier Milei<\/strong>\u00a0<strong>obtuvo media sanci\u00f3n y ahora el debate se traslada al Senado.<\/strong><\/p>\n\n\n\n<p>El oficialismo se alz\u00f3 con esta victoria legislativa con los votos propios, m\u00e1s los del Pro, la UCR, Hacemos Coalici\u00f3n Federal, Innovaci\u00f3n Federal y los bloques cercanos.<\/p>\n\n\n\n<p><strong>Este proyecto comprende, entre otros puntos clave, la reversi\u00f3n del impuesto a las Ganancias, rebaja de Bienes Personales, moratoria tributaria, aduanera y de Seguridad Social, blanqueo de capitales, cambios en el r\u00e9gimen simplificado (incluye la eliminaci\u00f3n del monotributo social), eliminaci\u00f3n del Impuesto a la Transferencia de Inmuebles de Personas F\u00edsicas y Sucesiones Indivisas (ITI) y creaci\u00f3n del R\u00e9gimen de Transparencia Fiscal al Consumidor.<\/strong><\/p>\n\n\n\n<h2>Media sanci\u00f3n al Paquete Fiscal: c\u00f3mo votaron los diputados de Santa Cruz<\/h2>\n\n\n\n<p>Como era de esperarse los dos de Uni\u00f3n por la Patria,&nbsp;<strong>Gustavo Gonz\u00e1lez<\/strong>&nbsp;y&nbsp;<strong>Ana Mar\u00eda Ianni<\/strong>, votaron de manera negativa a todo el paquete fiscal.&nbsp;<strong>Roxana Reyes<\/strong>, de la UCR, en cambio voto de forma positiva. Dentro del bloque de&nbsp;<strong>Por Santa Cruz<\/strong>, votaron diferente: el exgobernador&nbsp;<strong>Sergio Acevedo<\/strong>&nbsp;se abstuvo, mientras que el diputado&nbsp;<strong>Jos\u00e9 Luis Garrido<\/strong>&nbsp;estuvo ausente al momento de la votaci\u00f3n.<\/p>\n\n\n\n<figure class=\"wp-block-image\"><img decoding=\"async\" src=\"https:\/\/laopinionaustral.com.ar\/media\/uploads\/2024\/04\/paquete-fiscal-voto-de-los-diputados-de-santa-cruz-728x301.webp\" alt=\"paquete-fiscal-voto-de-los-diputados-de-santa-cruz-728x301\" title=\"paquete-fiscal-voto-de-los-diputados-de-santa-cruz-728x301\"\/><\/figure>\n\n\n\n<p>En la votaci\u00f3n en general, los diputados de&nbsp;<strong>Santa Cruz<\/strong>&nbsp;votaron de la siguiente manera:<\/p>\n\n\n\n<ul>\n<li>Ana Mar\u00eda Ianni: NEGATIVO<\/li>\n\n\n\n<li>Gustavo Gonz\u00e1lez: NEGATIVO<\/li>\n\n\n\n<li>Roxana Reyes: POSITIVO<\/li>\n\n\n\n<li>Jos\u00e9 Luis Garrido: AUSENTE<\/li>\n\n\n\n<li>Sergio Acevedo: ABSTENCI\u00d3N<\/li>\n<\/ul>\n\n\n\n<p>A continuaci\u00f3n, se pas\u00f3 a la votaci\u00f3n en particular que, a propuesta de la diputada Margarita Stolbizer, fue por t\u00edtulos y no por cap\u00edtulos.<\/p>\n\n\n\n<p><strong>El oficialismo logr\u00f3 aprobar los primeros art\u00edculos del t\u00edtulo I de R\u00e9gimen de Regularizaci\u00f3n Excepcional de Obligaciones Tributarias, Aduaneras y de Seguridad Social., con 146 afirmativos, 102 negativos y 0 abstenciones<\/strong><\/p>\n\n\n\n<h2>Blanqueo de capitales<\/h2>\n\n\n\n<p>En cuanto a los art\u00edculos sobre el blanqueo de capitales a pesar de que hubo sugerencias de algunas modificaciones, m\u00e1s all\u00e1 de las voces en contra,<strong> Jos\u00e9 Luis Espert rechaz\u00f3 modificaciones y pidi\u00f3 ir a la votaci\u00f3n, que result\u00f3 en 131 votos afirmativos, 117 negativos y 4 abstenciones.<\/strong><\/p>\n\n\n\n<p>Ese capitulo tuvo la aprobaci\u00f3n s\u00f3lo de&nbsp;<strong>Roxana Reyes<\/strong>&nbsp;de parte de los diputados de Santa Cruz. Sergio Acevedo vot\u00f3 en contra mientras que Jos\u00e9 Luis Garrido tambi\u00e9n estuvo ausente. Los dos de UxP volvieron a rechazar los art\u00edculos en particular.<\/p>\n\n\n\n<figure class=\"wp-block-image\"><img decoding=\"async\" src=\"https:\/\/laopinionaustral.com.ar\/media\/uploads\/2024\/04\/voto-diputados-santa-cruz-lavado-blanqueo-de-capitales-728x295.webp\" alt=\"voto-diputados-santa-cruz-lavado-blanqueo-de-capitales-728x295\" title=\"voto-diputados-santa-cruz-lavado-blanqueo-de-capitales-728x295\"\/><\/figure>\n\n\n\n<h2>Impuesto a los bienes personales<\/h2>\n\n\n\n<p>El t\u00edtulo III que contempla el Impuesto sobre los Bienes Personales -art\u00edculos del 52 al 73- result\u00f3 con afirmativo con 142 votos a favor, 106 en contra y 2 abstenciones.<\/p>\n\n\n\n<p>Las modificaciones incluyen un premio a contribuyentes cumplidores y un recorte paulatino a\u00f1o por a\u00f1o de las al\u00edcuotas del gravamen sobre el patrimonio.<\/p>\n\n\n\n<p><strong>De acuerdo al articulado aprobado en Diputados, el nuevo piso del impuesto ser\u00e1 de $100 millones y la deducci\u00f3n por la vivienda familiar pasar\u00e1 a $350 millones.<\/strong><\/p>\n\n\n\n<h2>Transferencia de inmuebles<\/h2>\n\n\n\n<p><strong>Luego se puso a consideraci\u00f3n el t\u00edtulo IV sobre la eliminaci\u00f3n del impuesto a la transferencia de Inmuebles de Personas F\u00edsicas y Sucesiones Indivisas -art\u00edculo 74- que result\u00f3 aprobado con 147 votos afirmativos, 100 negativos y ninguna abstenci\u00f3n.<\/strong><\/p>\n\n\n\n<h2>Restituci\u00f3n del impuesto a las Ganancias<\/h2>\n\n\n\n<p>Como parte del nuevo paquete fiscal se aprob\u00f3 esta tarde en la C\u00e1mara de Diputados el restablecimiento del\u00a0<strong>Impuesto a las Ganancias para los trabajadores<\/strong>\u00a0en relaci\u00f3n de dependencia que se hab\u00eda eliminado a fines del a\u00f1o pasado a instancias del entonces ministro y candidato presidencial\u00a0<strong>Sergio Massa<\/strong>\u00a0y que adem\u00e1s fue votada en la c\u00e1mara baja por el propio\u00a0<strong>Javier Milei<\/strong>. <strong>La votaci\u00f3n a favor de la restituci\u00f3n de la cuarta categor\u00eda de Ganancias tuvo 132 votos positivos y 113 negativos y pasar\u00e1 a tratarse en el Senado.<\/strong><\/p>\n\n\n\n<p>Los diputados de la provincia de Santa Cruz del panperonismo, en esta caso, se mostraron en su mayor\u00eda un poco m\u00e1s de acuerdo. La \u00fanica que vot\u00f3 a favor de que paguen m\u00e1s fue la radical&nbsp;<strong>Roxana Reyes<\/strong>. En cambio el diputado&nbsp;<strong>Sergio Acevedo<\/strong>, del ri\u00f1\u00f3n del gobernador Claudio Vidal; y los de UxP&nbsp;<strong>Ana Mar\u00eda Ianni y<\/strong>&nbsp;<strong>Gustavo Gonz\u00e1lez<\/strong>, votaron de manera negativa.&nbsp;<strong>Jos\u00e9 Luis Garrido<\/strong>&nbsp;de Por Santa Cruz volvi\u00f3 a ausentarse.<\/p>\n\n\n\n<figure class=\"wp-block-image\"><img decoding=\"async\" src=\"https:\/\/laopinionaustral.com.ar\/media\/uploads\/2024\/04\/diputados-impuesto-a-las-ganancias-reversion-728x298.webp\" alt=\"diputados-impuesto-a-las-ganancias-reversion-728x298\" title=\"diputados-impuesto-a-las-ganancias-reversion-728x298\"\/><\/figure>\n\n\n\n<ul>\n<li>Ana Mar\u00eda Ianni: NEGATIVO<\/li>\n\n\n\n<li>Gustavo Gonz\u00e1lez: NEGATIVO<\/li>\n\n\n\n<li>Roxana Reyes: POSITIVO<\/li>\n\n\n\n<li>Jos\u00e9 Luis Garrido: AUSENTE<\/li>\n\n\n\n<li>Sergio Acevedo: NEGATIVO<\/li>\n<\/ul>\n\n\n\n<p>La discusi\u00f3n se trasladar\u00e1 al Senado para su efectiva implementaci\u00f3n.<\/p>\n\n\n\n<p>Si la medida quedara en pie tras la ratificaci\u00f3n de la C\u00e1mara alta, casi un mill\u00f3n de trabajadores volver\u00eda a pagar este tributo, renombrado \u201cimpuesto a los ingresos personales\u201d en la Ley de Medidas Fiscales, Paliativas y Relevantes.<\/p>\n\n\n\n<p><strong>Este quinto t\u00edtulo de la iniciativa fiscal tuvo 4 abstenciones. 7 ausentes y un diputado sin votar.<\/strong><\/p>\n\n\n\n<p><strong>Con las modificaciones propuestas, estar\u00e1n alcanzados los trabajadores solteros que ganen m\u00e1s de 1.800.000 pesos y los trabajadores casados con hijos que perciban m\u00e1s de 2.200.000 pesos.<\/strong><\/p>\n\n\n\n<p><strong>Fuente: laopinionaustral.com.ar<\/strong><\/p>\n","protected":false},"excerpt":{"rendered":"<p>La C\u00e1mara de Diputados aprob\u00f3 este martes por la tarde la Ley de Medidas Fiscales, Paliativas y Relevantes con 140 votos positivos, 103 negativos y 6 abstenciones. As\u00ed, la administraci\u00f3n de\u00a0Javier Milei\u00a0obtuvo media sanci\u00f3n y ahora el debate se traslada al Senado. El oficialismo se alz\u00f3 con esta victoria legislativa con los votos propios, m\u00e1s [&hellip;]<\/p>\n","protected":false},"author":5,"featured_media":3931,"comment_status":"open","ping_status":"open","sticky":false,"template":"","format":"standard","meta":[],"categories":[8],"tags":[],"_links":{"self":[{"href":"https:\/\/politicapatagonica.com\/index.php\/wp-json\/wp\/v2\/posts\/3929"}],"collection":[{"href":"https:\/\/politicapatagonica.com\/index.php\/wp-json\/wp\/v2\/posts"}],"about":[{"href":"https:\/\/politicapatagonica.com\/index.php\/wp-json\/wp\/v2\/types\/post"}],"author":[{"embeddable":true,"href":"https:\/\/politicapatagonica.com\/index.php\/wp-json\/wp\/v2\/users\/5"}],"replies":[{"embeddable":true,"href":"https:\/\/politicapatagonica.com\/index.php\/wp-json\/wp\/v2\/comments?post=3929"}],"version-history":[{"count":1,"href":"https:\/\/politicapatagonica.com\/index.php\/wp-json\/wp\/v2\/posts\/3929\/revisions"}],"predecessor-version":[{"id":3932,"href":"https:\/\/politicapatagonica.com\/index.php\/wp-json\/wp\/v2\/posts\/3929\/revisions\/3932"}],"wp:featuredmedia":[{"embeddable":true,"href":"https:\/\/politicapatagonica.com\/index.php\/wp-json\/wp\/v2\/media\/3931"}],"wp:attachment":[{"href":"https:\/\/politicapatagonica.com\/index.php\/wp-json\/wp\/v2\/media?parent=3929"}],"wp:term":[{"taxonomy":"category","embeddable":true,"href":"https:\/\/politicapatagonica.com\/index.php\/wp-json\/wp\/v2\/categories?post=3929"},{"taxonomy":"post_tag","embeddable":true,"href":"https:\/\/politicapatagonica.com\/index.php\/wp-json\/wp\/v2\/tags?post=3929"}],"curies":[{"name":"wp","href":"https:\/\/api.w.org\/{rel}","templated":true}]}}