{"id":3923,"date":"2024-04-29T21:12:56","date_gmt":"2024-04-29T21:12:56","guid":{"rendered":"https:\/\/politicapatagonica.com\/?p=3923"},"modified":"2024-04-30T20:20:35","modified_gmt":"2024-04-30T20:20:35","slug":"melella-se-reunio-con-trabajadores-fabriles","status":"publish","type":"post","link":"https:\/\/politicapatagonica.com\/index.php\/2024\/04\/29\/melella-se-reunio-con-trabajadores-fabriles\/","title":{"rendered":"El gobernador Melella se reuni\u00f3 con trabajadores fabriles y reiter\u00f3 su defensa a la industria fueguina"},"content":{"rendered":"\n<p><br>El gobernador de Tierra del Fuego, <strong>Gustavo Melella mantuvo una reuni\u00f3n con delegados y delegadas de las plantas fabriles que el Grupo Mirgor tiene en el parque industrial de R\u00edo Grande<\/strong>. La reuni\u00f3n se desarroll\u00f3 en el Centro Cultural Yaganes. El mandatario reiter\u00f3 su <strong>defensa de la industria fueguina<\/strong>, porque su sostenimiento significa la generaci\u00f3n de entre 10 mil y 14 mil puestos de trabajo de forma directa y de otros 10 mil de manera indirecta, a la vez que los trabajadores adem\u00e1s plantearon su clara preocupaci\u00f3n por los insistentes embates que sufre el subr\u00e9gimen.<\/p>\n\n\n\n<p>Melella estuvo acompa\u00f1ado por el ministro Jefe de Gabinete, Agust\u00edn Tita y el secretario General de la UOM R\u00edo Grande, Oscar Mart\u00ednez. Explic\u00f3 las distintas acciones que desde el Gobierno provincial se vienen gestionando ante el Gobierno nacional para<strong> evitar perjuicio sobre la actividad industrial y los intereses fueguinos ante el Gobierno central<\/strong> <strong>y el \u201clobby\u201d que permanentemente se realiza en contra de Tierra del Fuego en oficinas de Ciudad de Buenos Aires.<\/strong><\/p>\n\n\n\n<p>\u201cLa ampliaci\u00f3n del subregimen, adem\u00e1s de generar puestos de trabajo, implica soberan\u00eda para la Argentina, y es por ello que no nos cansaremos de remarcar esta importancia y defender nuestra posici\u00f3n pol\u00edtica\u201d, asegur\u00f3 el gobernador.<\/p>\n\n\n\n<p>A su vez, precis\u00f3 que \u201cas\u00ed como nos hemos reunido con las y los trabajadores de las plantas del Grupo Mirgor, haremos lo propio en los pr\u00f3ximos d\u00edas con trabajadores de otros sectores\u201d.<\/p>\n\n\n\n<p>Durante el encuentro, las y los trabajadores plantearon al gobernador tambi\u00e9n asuntos que hacen a la actividad fabril, sobre lo cual el Mandatario garantiz\u00f3 interceder ante el sector empresario para tratar cada asunto planteado.<\/p>\n\n\n\n<p><strong>Fuente: www.eldiariodelfindelmundo.com<\/strong><a href=\"https:\/\/www.eldiariodelfindelmundo.com\/noticias\/2024\/04\/29\/105925-melella-se-reunio-con-trabajadores-fabriles#\"><\/a><\/p>\n","protected":false},"excerpt":{"rendered":"<p>El gobernador de Tierra del Fuego, Gustavo Melella mantuvo una reuni\u00f3n con delegados y delegadas de las plantas fabriles que el Grupo Mirgor tiene en el parque industrial de R\u00edo Grande. La reuni\u00f3n se desarroll\u00f3 en el Centro Cultural Yaganes. El mandatario reiter\u00f3 su defensa de la industria fueguina, porque su sostenimiento significa la generaci\u00f3n [&hellip;]<\/p>\n","protected":false},"author":5,"featured_media":3924,"comment_status":"open","ping_status":"open","sticky":false,"template":"","format":"standard","meta":[],"categories":[11],"tags":[],"_links":{"self":[{"href":"https:\/\/politicapatagonica.com\/index.php\/wp-json\/wp\/v2\/posts\/3923"}],"collection":[{"href":"https:\/\/politicapatagonica.com\/index.php\/wp-json\/wp\/v2\/posts"}],"about":[{"href":"https:\/\/politicapatagonica.com\/index.php\/wp-json\/wp\/v2\/types\/post"}],"author":[{"embeddable":true,"href":"https:\/\/politicapatagonica.com\/index.php\/wp-json\/wp\/v2\/users\/5"}],"replies":[{"embeddable":true,"href":"https:\/\/politicapatagonica.com\/index.php\/wp-json\/wp\/v2\/comments?post=3923"}],"version-history":[{"count":3,"href":"https:\/\/politicapatagonica.com\/index.php\/wp-json\/wp\/v2\/posts\/3923\/revisions"}],"predecessor-version":[{"id":3930,"href":"https:\/\/politicapatagonica.com\/index.php\/wp-json\/wp\/v2\/posts\/3923\/revisions\/3930"}],"wp:featuredmedia":[{"embeddable":true,"href":"https:\/\/politicapatagonica.com\/index.php\/wp-json\/wp\/v2\/media\/3924"}],"wp:attachment":[{"href":"https:\/\/politicapatagonica.com\/index.php\/wp-json\/wp\/v2\/media?parent=3923"}],"wp:term":[{"taxonomy":"category","embeddable":true,"href":"https:\/\/politicapatagonica.com\/index.php\/wp-json\/wp\/v2\/categories?post=3923"},{"taxonomy":"post_tag","embeddable":true,"href":"https:\/\/politicapatagonica.com\/index.php\/wp-json\/wp\/v2\/tags?post=3923"}],"curies":[{"name":"wp","href":"https:\/\/api.w.org\/{rel}","templated":true}]}}