{"id":3919,"date":"2024-04-29T20:31:01","date_gmt":"2024-04-29T20:31:01","guid":{"rendered":"https:\/\/politicapatagonica.com\/?p=3919"},"modified":"2024-04-29T20:31:02","modified_gmt":"2024-04-29T20:31:02","slug":"mariano-gaido-en-reunion-con-intendentes-reclamo-a-nacion-por-la-deuda-con-neuquen","status":"publish","type":"post","link":"https:\/\/politicapatagonica.com\/index.php\/2024\/04\/29\/mariano-gaido-en-reunion-con-intendentes-reclamo-a-nacion-por-la-deuda-con-neuquen\/","title":{"rendered":"Mariano Gaido, en reuni\u00f3n con intendentes, reclam\u00f3 a Naci\u00f3n por la deuda con Neuqu\u00e9n"},"content":{"rendered":"\n<p><strong>Mariano Gaido<\/strong>\u00a0particip\u00f3 de una\u00a0<strong>cumbre de Intendentes en la ciudad de Rosario, Santa Fe<\/strong>, donde se definieron reclamos y lineamientos comunes frente al retiro del Gobierno nacional.<\/p>\n\n\n\n<p>En la oportunidad, el jefe comunal\u00a0<strong>expuso &#8220;la situaci\u00f3n ordenada&#8221; de\u00a0las cuentas de la Municipalidad\u00a0de Neuqu\u00e9n y la continuidad de la obra p\u00fablica con presupuesto propio<\/strong>, pero reclam\u00f3 a Naci\u00f3n los fondos adeudados que ascienden a m\u00e1s de 5000 millones de pesos, adem\u00e1s de los correspondientes al transporte de colectivos que, se indic\u00f3, el gobierno nacional contin\u00faa recaudando pero que solo coparticipa a la Ciudad Aut\u00f3noma de Buenos Aires.<\/p>\n\n\n\n<p>En varios tramos de <strong>su mensaje se dirigi\u00f3 al ministro del Interior de la Rep\u00fablica Argentina, Guillermo Francos, quien asisti\u00f3 al c\u00f3nclave junto con un equipo del Ministerio de Econom\u00eda.<\/strong><\/p>\n\n\n\n<h2>Soluciones<\/h2>\n\n\n\n<p>\u201cHay temas que nos preocupan y queremos una soluci\u00f3n:<strong> la decisi\u00f3n de paralizar la obra p\u00fablica en Neuqu\u00e9n <\/strong>gener\u00f3 que el Gobierno nacional tenga una deuda con nuestra ciudad que supera los 5000 millones de pesos&#8221;, dijo, y pidi\u00f3 expresamente que la Naci\u00f3n cumpla los t\u00e9rminos contractuales adquiridos oportunamente.<\/p>\n\n\n\n<p>Aclar\u00f3 que la ciudad contin\u00faa ejecutando las obras que estaban comprometidas con convenios firmados con el Gobierno nacional, por lo cual solicit\u00f3<strong> &#8220;los fondos que nos corresponden para poder seguir haciendo obras y que nos permita acompa\u00f1ar el crecimiento de la ciudad que m\u00e1s crece en el pa\u00eds\u201d.<\/strong><\/p>\n\n\n\n<p><strong>El transporte, la obra p\u00fablica y los fondos nacionales<\/strong>\u00a0fueron algunos de los principales temas que se trataron en la cumbre en busca de actuar en conjunto, principalmente a la hora de plantear necesidades al gobierno nacional.<\/p>\n\n\n\n<h2>Deuda<\/h2>\n\n\n\n<p>En este contexto, Gaido record\u00f3 que los jefes comunales que conforman la\u00a0<strong>Red Federal de Intendentes,<\/strong>\u00a0<strong>compuesto por las cabezas de los gobiernos locales de las ciudades m\u00e1s importantes del pa\u00eds<\/strong>, est\u00e1n en di\u00e1logo constante y hace un mes decidieron que Rosario sea sede de este encuentro acompa\u00f1\u00e1ndola, a la vez, por \u201cla situaci\u00f3n dif\u00edcil de crisis de seguridad que atraviesa\u201d.<\/p>\n\n\n\n<p>Con relaci\u00f3n al transporte p\u00fablico, plante\u00f3 que <strong>\u201cel gobierno nacional sigue cobrando el impuesto en el combustible a todos los neuquinos y lo recaudado lo distribuye solamente en la ciudad de Buenos Aires\u201d.<\/strong> &#8220;Esto es absolutamente injusto, son fondos que deber\u00edan coparticiparse de manera genuina e igualitaria a las diferentes jurisdicciones municipales y\/o provinciales. Esto genera un desequilibrio que hay que resolver\u201d, expuso.<\/p>\n\n\n\n<p>En este sentido, dijo estar de acuerdo con que esa distribuci\u00f3n vaya a la tarjeta SUBE \u201cpero que los fondos est\u00e9n porque para nosotros la soluci\u00f3n est\u00e1 en distribuir lo que ya se recauda\u201d.<\/p>\n\n\n\n<p>Por otro lado,&nbsp;<strong>Gaido solicit\u00f3 poder acceder a las herramientas que brinda el Banco Interamericano de Desarrollo (BID) y el Banco de Desarrollo de Am\u00e9rica Latina y el Caribe (CAF)<\/strong>&nbsp;porque &#8220;en la ciudad de Neuqu\u00e9n est\u00e1n dadas las condiciones&#8221;.<\/p>\n\n\n\n<p>En varios tramos de su mensaje invoc\u00f3 el camino del di\u00e1logo, a la par que puso en claro que &#8220;estamos de acuerdo con que hay que tener las cuentas en orden en nuestro pa\u00eds pero no pueden venir de la mano del endeudamiento con Neuqu\u00e9n\u201d, tras lo cual requiri\u00f3 los fondos que Naci\u00f3n adeuda a la ciudad.<\/p>\n\n\n\n<h2>Intendentes<\/h2>\n\n\n\n<p><strong>El jefe comunal de Rosario, Pablo Javkin, fue el anfitri\u00f3n<\/strong>. \u201cHemos conformado un encuentro de trabajo con las ciudades capitales de provincia y sus ciudades m\u00e1s grandes. Estamos muy satisfechos de que dicho encuentro se pueda hacer ac\u00e1. Es un acompa\u00f1amiento hacia la ciudad tambi\u00e9n que valoramos mucho\u201d, indic\u00f3.<\/p>\n\n\n\n<p>Y agreg\u00f3 que la reuni\u00f3n<strong> \u201ces un tema novedoso porque los intendentes no ten\u00edamos en la Argentina un marco de encuentro de este tipo\u201d.<\/strong><\/p>\n\n\n\n<p>Algunos de los intendentes presentes, adem\u00e1s de <strong>Gaido,<\/strong> fueron Armando Molina (La Rioja); Emilio Durand (Salta); Emilio Lanari (Corrientes); Gustavo Saadi (San Fernando del Valle de Catamarca); Jorge Jofre (Formosa); Juan Manuel Llamosas (R\u00edo Cuarto); Juan Pablo Poletti (Santa Fe); Luciano Di N\u00e1poli (Santa Rosa); Marcos Castro (Viedman); Pablo Grasso (R\u00edo Gallegos); Ra\u00fal Jorge (San Salvador de Jujuy); Rosario Romero (Paran\u00e1); Rossana Chahla (San Miguel de Tucum\u00e1n); Susana Laciar (San Juan); y Walter Cortes (Bariloche).<\/p>\n\n\n\n<p><strong>Fuente: www.lmneuquen.com<\/strong><\/p>\n","protected":false},"excerpt":{"rendered":"<p>Mariano Gaido\u00a0particip\u00f3 de una\u00a0cumbre de Intendentes en la ciudad de Rosario, Santa Fe, donde se definieron reclamos y lineamientos comunes frente al retiro del Gobierno nacional. En la oportunidad, el jefe comunal\u00a0expuso &#8220;la situaci\u00f3n ordenada&#8221; de\u00a0las cuentas de la Municipalidad\u00a0de Neuqu\u00e9n y la continuidad de la obra p\u00fablica con presupuesto propio, pero reclam\u00f3 a Naci\u00f3n [&hellip;]<\/p>\n","protected":false},"author":5,"featured_media":3921,"comment_status":"open","ping_status":"open","sticky":false,"template":"","format":"standard","meta":[],"categories":[9],"tags":[],"_links":{"self":[{"href":"https:\/\/politicapatagonica.com\/index.php\/wp-json\/wp\/v2\/posts\/3919"}],"collection":[{"href":"https:\/\/politicapatagonica.com\/index.php\/wp-json\/wp\/v2\/posts"}],"about":[{"href":"https:\/\/politicapatagonica.com\/index.php\/wp-json\/wp\/v2\/types\/post"}],"author":[{"embeddable":true,"href":"https:\/\/politicapatagonica.com\/index.php\/wp-json\/wp\/v2\/users\/5"}],"replies":[{"embeddable":true,"href":"https:\/\/politicapatagonica.com\/index.php\/wp-json\/wp\/v2\/comments?post=3919"}],"version-history":[{"count":1,"href":"https:\/\/politicapatagonica.com\/index.php\/wp-json\/wp\/v2\/posts\/3919\/revisions"}],"predecessor-version":[{"id":3922,"href":"https:\/\/politicapatagonica.com\/index.php\/wp-json\/wp\/v2\/posts\/3919\/revisions\/3922"}],"wp:featuredmedia":[{"embeddable":true,"href":"https:\/\/politicapatagonica.com\/index.php\/wp-json\/wp\/v2\/media\/3921"}],"wp:attachment":[{"href":"https:\/\/politicapatagonica.com\/index.php\/wp-json\/wp\/v2\/media?parent=3919"}],"wp:term":[{"taxonomy":"category","embeddable":true,"href":"https:\/\/politicapatagonica.com\/index.php\/wp-json\/wp\/v2\/categories?post=3919"},{"taxonomy":"post_tag","embeddable":true,"href":"https:\/\/politicapatagonica.com\/index.php\/wp-json\/wp\/v2\/tags?post=3919"}],"curies":[{"name":"wp","href":"https:\/\/api.w.org\/{rel}","templated":true}]}}