{"id":3915,"date":"2024-04-29T18:36:17","date_gmt":"2024-04-29T18:36:17","guid":{"rendered":"https:\/\/politicapatagonica.com\/?p=3915"},"modified":"2024-04-29T18:36:18","modified_gmt":"2024-04-29T18:36:18","slug":"torres-anuncio-que-chubut-desactivo-la-bomba-financiera-y-pagaron-70-millones-de-dolares","status":"publish","type":"post","link":"https:\/\/politicapatagonica.com\/index.php\/2024\/04\/29\/torres-anuncio-que-chubut-desactivo-la-bomba-financiera-y-pagaron-70-millones-de-dolares\/","title":{"rendered":"Torres anunci\u00f3 que Chubut &#8220;desactiv\u00f3 la bomba financiera&#8221; y pagaron 70 millones de d\u00f3lares"},"content":{"rendered":"\n<p>En una conferencia de prensa realizada en el SUM de Vialidad Provincial en Rawson, luego de la reuni\u00f3n de gabinete,\u00a0<strong>el gobernador de Chubut, Ignacio Torres, junto al vicegobernador Gustavo Menna y el ministro de Econom\u00eda, Facundo Ball<\/strong>, anunciaron que Chubut\u00a0<strong>pag\u00f3 en cuatro meses 70 millones de d\u00f3lares<\/strong>,\u00a0la mitad de lo pagado en cuatro a\u00f1os de la gesti\u00f3n anterior, especialmente en vencimientos del Bocade.<\/p>\n\n\n\n<p>De este modo, anunciaron que<strong>&nbsp;fue desactivada la &#8220;bomba financiera&#8221; heredada<\/strong>&nbsp;y que el ahorro de gastos de un 60%, ubic\u00f3 a Chubut entre las 3 provincias mejor administradas a nivel nacional.&nbsp;<\/p>\n\n\n\n<p>A continuaci\u00f3n, Torres dijo que se\u00a0<strong>enviar\u00e1 un paquete de leyes a Legislatura para que la provincia mejore en el ranking de transparencia,\u00a0<\/strong>que es lo que est\u00e1 impidiendo la llegada de inversiones privadas, y anticip\u00f3 que comenzar\u00e1 un ambicioso plan de obra p\u00fablica especialmente en rutas nacionales con recursos propios para avanzar en el desendeudamiento con Naci\u00f3n. Y dijo que el viernes se firmara junto a Neuqu\u00e9n el traslado de la obra de las plantas de compresi\u00f3n de gas natural en Gobernador Costa y R\u00edo Senguer y que luego se<strong>\u00a0gestionar\u00e1 el traspaso de la deuda del Procrear<\/strong>.<\/p>\n\n\n\n<p>\u201cCuando el ministro habla del 50% del pago de la deuda del Gobierno anterior, estamos hablando de los 6 a\u00f1os en los que s<strong>e pagaron 140 millones de d\u00f3lares y -la mitad de eso- lo pagamos en apenas 4 meses.\u00a0<\/strong>Es la irresponsabilidad del Gobierno anterior de poner los vencimientos muy cercanos a los primeros meses de gesti\u00f3n\u201d, reproch\u00f3. Luego, Torres repas\u00f3 \u201cpor un lado, el BOCADE que es el vencimiento en d\u00f3lares y, por el otro, el Fondo Fiduciario \u2018famoso\u2019 que gener\u00f3 el conflicto que tuvimos en la Justicia y que \u2013finalmente- nos dio la raz\u00f3n\u201d.<\/p>\n\n\n\n<p>\u201cEsa deuda que originalmente era de<strong>\u00a040 millones de d\u00f3lares termin\u00f3 siendo de m\u00e1s de 140 millones de d\u00f3lares<\/strong>. Fue una deuda irresponsable y criminal atada a una tasa sujeta a la inflaci\u00f3n. Hay un reconocimiento a la provincia porque hubo responsabilidad fiscal y porque con la ley que elevamos a la Legislatura de \u2018Responsabilidad Financiera\u2019 se cumpli\u00f3 la premisa de no endeudarnos para cubrir gasto corriente ni se utiliz\u00f3 1 peso de deuda a partir del primer mes en el que asumimos\u201d, enfatiz\u00f3.<\/p>\n\n\n\n<p>\u201cEste Gobierno<strong>\u00a0tom\u00f3 la decisi\u00f3n de tomar un camino de austeridad<\/strong>, cubrir los gastos corrientes con recursos propios, fondearnos para poder sortear los vencimientos de la deuda y \u2013en paralelo- poder contener a los sectores m\u00e1s vulnerables con distintos proyectos de emergencia. Hubo un trabajo a diario viendo los ingresos y los gastos con todos los ministerios y tambi\u00e9n los Municipios tuvieron un rol muy importante\u201d, valor\u00f3.<\/p>\n\n\n\n<p>\u201cLa deuda con CAMMESA se acord\u00f3. Hay un esquema de desendeudamiento. Lo mismo tienen que hacer las distintas Cooperativas El\u00e9ctricas de toda la provincia en un esquema en el que la provincia va a auditar la administraci\u00f3n de todas las Cooperativas. De nada sirve un ordenamiento econ\u00f3mico y financiero a nivel provincial si ni hay un compromiso de los municipios y los estamentos del Estado\u201d, &nbsp;indic\u00f3.<\/p>\n\n\n\n<p><em><strong>\u201c<\/strong><\/em><strong>En este proceso que viene, vamos a elevar un paquete de leyes \u2018Transparencia Institucional\u2019<\/strong>,<em><strong> <\/strong><\/em>\u2018Acceso a la Informaci\u00f3n\u2019 y \u2018\u00c9tica P\u00fablica\u2019 para \u2013en el corto plazo- revertir el mal rankeo en el que quedamos y que podamos ser una plaza atractiva para las inversiones\u201d, anticip\u00f3.<\/p>\n\n\n\n<p>\u201cHoy hay un esquema de responsabilidad econ\u00f3mico\/financiera y calidad institucional que exponemos en todas las rondas para traer inversiones. De ac\u00e1 a 2 a\u00f1os, la provincia tiene que estar rankeada entre las mejores provincias con mejor calidad institucional y atraer las inversiones\u201d, proyect\u00f3.<\/p>\n\n\n\n<p>\u201cEn las pr\u00f3ximas semanas\u00a0<strong>vamos a presentar propuestas concretas para hacernos cargo del PROCREAR y del mantenimiento de las ruta<\/strong>s para que se reconozca esa obra como una deuda para compensar deuda. Nos desendeudar\u00edamos haciendo obra nacional. El Estado Nacional le debe a Chubut m\u00e1s de 40.000 millones de pesos\u201d, complet\u00f3 el gobernador de la provincia, Ignacio Torres.<\/p>\n\n\n\n<p><strong>Fuente: www.adnsur.com.ar<\/strong><a href=\"https:\/\/www.adnsur.com.ar\/deportes\/-nacho--torres-confeso-que-es-hincha-de-newbery-y-revelo-el-particular-partido-que-jugara-con-la-camiseta-del--lobo-_a662be6f9dcd3c4c1b88f9325\"><\/a><\/p>\n\n\n\n<p><a href=\"https:\/\/www.adnsur.com.ar\/politica\/nacho-torres-aseguro---todos-los-que-hacemos-politica-en-algun-punto-queremos-ser-presidentes-_a662bbd48ee5d10a96d6fff09\"><\/a><\/p>\n","protected":false},"excerpt":{"rendered":"<p>En una conferencia de prensa realizada en el SUM de Vialidad Provincial en Rawson, luego de la reuni\u00f3n de gabinete,\u00a0el gobernador de Chubut, Ignacio Torres, junto al vicegobernador Gustavo Menna y el ministro de Econom\u00eda, Facundo Ball, anunciaron que Chubut\u00a0pag\u00f3 en cuatro meses 70 millones de d\u00f3lares,\u00a0la mitad de lo pagado en cuatro a\u00f1os de [&hellip;]<\/p>\n","protected":false},"author":5,"featured_media":3916,"comment_status":"open","ping_status":"open","sticky":false,"template":"","format":"standard","meta":[],"categories":[14],"tags":[],"_links":{"self":[{"href":"https:\/\/politicapatagonica.com\/index.php\/wp-json\/wp\/v2\/posts\/3915"}],"collection":[{"href":"https:\/\/politicapatagonica.com\/index.php\/wp-json\/wp\/v2\/posts"}],"about":[{"href":"https:\/\/politicapatagonica.com\/index.php\/wp-json\/wp\/v2\/types\/post"}],"author":[{"embeddable":true,"href":"https:\/\/politicapatagonica.com\/index.php\/wp-json\/wp\/v2\/users\/5"}],"replies":[{"embeddable":true,"href":"https:\/\/politicapatagonica.com\/index.php\/wp-json\/wp\/v2\/comments?post=3915"}],"version-history":[{"count":1,"href":"https:\/\/politicapatagonica.com\/index.php\/wp-json\/wp\/v2\/posts\/3915\/revisions"}],"predecessor-version":[{"id":3917,"href":"https:\/\/politicapatagonica.com\/index.php\/wp-json\/wp\/v2\/posts\/3915\/revisions\/3917"}],"wp:featuredmedia":[{"embeddable":true,"href":"https:\/\/politicapatagonica.com\/index.php\/wp-json\/wp\/v2\/media\/3916"}],"wp:attachment":[{"href":"https:\/\/politicapatagonica.com\/index.php\/wp-json\/wp\/v2\/media?parent=3915"}],"wp:term":[{"taxonomy":"category","embeddable":true,"href":"https:\/\/politicapatagonica.com\/index.php\/wp-json\/wp\/v2\/categories?post=3915"},{"taxonomy":"post_tag","embeddable":true,"href":"https:\/\/politicapatagonica.com\/index.php\/wp-json\/wp\/v2\/tags?post=3915"}],"curies":[{"name":"wp","href":"https:\/\/api.w.org\/{rel}","templated":true}]}}