{"id":3903,"date":"2024-04-26T20:51:19","date_gmt":"2024-04-26T20:51:19","guid":{"rendered":"https:\/\/politicapatagonica.com\/?p=3903"},"modified":"2024-04-29T18:23:09","modified_gmt":"2024-04-29T18:23:09","slug":"gabinete-de-santa-cruz-si-hay-cambios-es-una-decision-del-gobernador-claudio-vidal","status":"publish","type":"post","link":"https:\/\/politicapatagonica.com\/index.php\/2024\/04\/26\/gabinete-de-santa-cruz-si-hay-cambios-es-una-decision-del-gobernador-claudio-vidal\/","title":{"rendered":"Gabinete de Santa Cruz: \u201cSi hay cambios, es una decisi\u00f3n del gobernador Claudio Vidal\u201d"},"content":{"rendered":"\n<p>En menos de&nbsp;<strong>48 horas&nbsp;<\/strong>el gobernador de Santa Cruz,&nbsp;<strong>Claudio Vidal<\/strong> <strong>acept\u00f3&nbsp;varias renuncias&nbsp;<\/strong>que indican el reordenamiento que se est\u00e1 llevando adelante en el gabinete provincial.<\/p>\n\n\n\n<p>A la sorpresiva renuncia del presidente del Consejo Provincial de Educaci\u00f3n,&nbsp;<strong>Daniel Busquet<\/strong>, y del coordinador de Hospitales en el Ministerio de Salud y Ambiente, el caletense&nbsp;<strong>Juan Acu\u00f1a Kunz<\/strong>, se sum\u00f3 la del director provincial de Turismo,&nbsp;<strong>Andr\u00e9s Markic<\/strong>.<\/p>\n\n\n\n<p>\u201cEl Gobierno provincial informa que el director provincial de Turismo, Andr\u00e9s Markic, present\u00f3,<strong>&nbsp;a pedido del gobernador<\/strong>, su renuncia de car\u00e1cter indeclinable\u201d, inform\u00f3 el Ejecutivo a trav\u00e9s de un comunicado dado a conocer en la jornada.<\/p>\n\n\n\n<p>A diferencia de Busquet y Acu\u00f1a Kunz, que alegaron \u201c<strong>motivos personales<\/strong>\u201c, el ahora exdirector, comunic\u00f3 el Ejecutivo, renunci\u00f3 a pedido del gobernador.<\/p>\n\n\n\n<p>En tanto, se\u00f1alaron que \u201cel gobernador de la provincia de Santa Cruz, Claudio Vidal, acept\u00f3 la renuncia y&nbsp;<strong>agradeci\u00f3 los servicios prestados<\/strong>&nbsp;por el ahora exfuncionario\u201d.<\/p>\n\n\n\n<p>El secretario de Medios y vocero de la Gobernaci\u00f3n,&nbsp;<strong>Carlos Marcel<\/strong>, habl\u00f3 con&nbsp;<strong>Radio LU12&nbsp;<\/strong>sobre la situaci\u00f3n actual dentro del Gobierno y pidi\u00f3 \u201cdesdramatizar este tipo de decisiones\u201d.<\/p>\n\n\n\n<p>En principio, inst\u00f3 a \u201ctodos a&nbsp;<strong>no banalizar<\/strong>,<strong>&nbsp;pero tampoco dramatizarlo<\/strong>\u201d y mencion\u00f3 que \u201cel gobernador de la provincia tiene la facultad para ir eligiendo a los miembros de su equipo\u201d.<\/p>\n\n\n\n<p>En la comparativa, el secretario marc\u00f3 que a veces se toman decisiones \u201cpor&nbsp;<strong>cuestiones t\u00e1cticas&nbsp;<\/strong>que obedecen a la din\u00e1mica del juego, en este caso, lo propio decide el gobernador dentro del \u00e1mbito de sus facultades y entendiendo lo que va necesitando para cada momento del Estado o del gobierno\u201d.<\/p>\n\n\n\n<p>Es as\u00ed que, consider\u00f3, \u201cva eligiendo a sus funcionarios y decidi\u00f3 que en este caso&nbsp;<strong>necesitaba otro perfil en esa funci\u00f3n&nbsp;<\/strong>y le solicit\u00f3 la renuncia al director de Turismo\u201d.<\/p>\n\n\n\n<p>La renuncia de Markic se da, adem\u00e1s, en medio de<strong>&nbsp;rumores sobre otros posibles cambios dentro del Gabinete<\/strong>&nbsp;y un&nbsp;<strong>reordenamiento&nbsp;<\/strong>de los funcionarios.<\/p>\n\n\n\n<p>En este sentido, consultado respecto a este tema, Marcel marc\u00f3 que \u201clos&nbsp;<strong>cuatro a\u00f1os estamos a prueba<\/strong>,&nbsp;<strong>ning\u00fan funcionario tiene una garant\u00eda escrita por nadie<\/strong>, por el contrario, todas nuestras renuncias est\u00e1n escritas y en poder del gobernador de la provincia y esto corresponde que as\u00ed sea\u201d.<\/p>\n\n\n\n<p>Enfatiz\u00f3 que esto \u201ces as\u00ed y tiene que ser as\u00ed porque \u00e9l tiene que tener la libertad de decidir qu\u00e9 necesita en cada momento del gobierno y eso es facultad y potestad del gobernador\u201d.<\/p>\n\n\n\n<p><strong>\u201cSi \u00e9l cree o considera necesario, seguir\u00e1 produciendo esos cambios\u201d<\/strong>, asegur\u00f3 al cierre sobre futuras decisiones y puntualiz\u00f3 en que \u201ctenemos que trabajar todos los d\u00edas como si fuese nuestro \u00faltimo d\u00eda de trabajo, lo \u00fanico que s\u00e9 es que esa es mi responsabilidad&nbsp;<strong>y ese es mi compromiso y el compromiso de cada uno de los que integramos el Gabinete<\/strong>\u201c.<\/p>\n\n\n\n<p>Seguidamente, hizo hincapi\u00e9 en la dimisi\u00f3n del cargo de Acu\u00f1a Kunz, al referirse al contexto en el sistema sanitario: \u201cSe entiende, porque es de p\u00fablico conocimiento, que el sistema est\u00e1 en una&nbsp;<strong>crisis muy importante<\/strong>&nbsp;y obedece a las&nbsp;<strong>convicciones y fueros \u00edntimos de cada funcionario<\/strong>&nbsp;optar por la funci\u00f3n p\u00fablica o no\u201d.<\/p>\n\n\n\n<h2>La econom\u00eda<\/h2>\n\n\n\n<p>Luego habl\u00f3 de los recursos provinciales y se\u00f1al\u00f3 que la ministra de Econom\u00eda,&nbsp;<strong>Marilina Jaramillo<\/strong>, \u201cest\u00e1 haciendo un ordenamiento muy importante en las cuentas de la provincia y un&nbsp;<strong>manejo muy responsable&nbsp;<\/strong>de nuestros recursos\u201d.<\/p>\n\n\n\n<p>Mencion\u00f3 que \u201cla situaci\u00f3n es&nbsp;<strong>extremadamente dif\u00edcil<\/strong>, pero este Gobierno lo que ha hecho desde el primer d\u00eda que lleg\u00f3 aqu\u00ed a la calle Alcorta es&nbsp;<strong>ordenar<\/strong>&nbsp;<strong>los recursos&nbsp;<\/strong>y&nbsp;<strong>garantizar el pago de los trabajadores<\/strong>. Es la prioridad absoluta\u201d.<\/p>\n\n\n\n<p>Luego, sobre el escenario nacional y provincial, marc\u00f3 que \u201ces cierto que estamos muy, pero muy ajustados, se ha reducido el funcionamiento del Estado, en el sentido que no hay vi\u00e1ticos ni incorporaciones, eso y la buena administraci\u00f3n y el racionamiento de los gastos permite que tengamos esa&nbsp;<strong>garant\u00eda&nbsp;<\/strong>de que los&nbsp;<strong>trabajadores no corran riesgo<\/strong>, de que&nbsp;<strong>los sueldos se paguen<\/strong>&nbsp;y que se hace lo imposible, en la medida de los recursos con los que se cuenta, por&nbsp;<strong>mejorar de a poco los salarios&nbsp;<\/strong>de los trabajadores\u201d.<\/p>\n\n\n\n<p><strong>Fuente: www.laopinionaustral.com.ar<\/strong><\/p>\n","protected":false},"excerpt":{"rendered":"<p>En menos de&nbsp;48 horas&nbsp;el gobernador de Santa Cruz,&nbsp;Claudio Vidal acept\u00f3&nbsp;varias renuncias&nbsp;que indican el reordenamiento que se est\u00e1 llevando adelante en el gabinete provincial. A la sorpresiva renuncia del presidente del Consejo Provincial de Educaci\u00f3n,&nbsp;Daniel Busquet, y del coordinador de Hospitales en el Ministerio de Salud y Ambiente, el caletense&nbsp;Juan Acu\u00f1a Kunz, se sum\u00f3 la del [&hellip;]<\/p>\n","protected":false},"author":5,"featured_media":3911,"comment_status":"open","ping_status":"open","sticky":false,"template":"","format":"standard","meta":[],"categories":[8],"tags":[],"_links":{"self":[{"href":"https:\/\/politicapatagonica.com\/index.php\/wp-json\/wp\/v2\/posts\/3903"}],"collection":[{"href":"https:\/\/politicapatagonica.com\/index.php\/wp-json\/wp\/v2\/posts"}],"about":[{"href":"https:\/\/politicapatagonica.com\/index.php\/wp-json\/wp\/v2\/types\/post"}],"author":[{"embeddable":true,"href":"https:\/\/politicapatagonica.com\/index.php\/wp-json\/wp\/v2\/users\/5"}],"replies":[{"embeddable":true,"href":"https:\/\/politicapatagonica.com\/index.php\/wp-json\/wp\/v2\/comments?post=3903"}],"version-history":[{"count":3,"href":"https:\/\/politicapatagonica.com\/index.php\/wp-json\/wp\/v2\/posts\/3903\/revisions"}],"predecessor-version":[{"id":3912,"href":"https:\/\/politicapatagonica.com\/index.php\/wp-json\/wp\/v2\/posts\/3903\/revisions\/3912"}],"wp:featuredmedia":[{"embeddable":true,"href":"https:\/\/politicapatagonica.com\/index.php\/wp-json\/wp\/v2\/media\/3911"}],"wp:attachment":[{"href":"https:\/\/politicapatagonica.com\/index.php\/wp-json\/wp\/v2\/media?parent=3903"}],"wp:term":[{"taxonomy":"category","embeddable":true,"href":"https:\/\/politicapatagonica.com\/index.php\/wp-json\/wp\/v2\/categories?post=3903"},{"taxonomy":"post_tag","embeddable":true,"href":"https:\/\/politicapatagonica.com\/index.php\/wp-json\/wp\/v2\/tags?post=3903"}],"curies":[{"name":"wp","href":"https:\/\/api.w.org\/{rel}","templated":true}]}}