{"id":3888,"date":"2024-04-25T20:57:06","date_gmt":"2024-04-25T20:57:06","guid":{"rendered":"https:\/\/politicapatagonica.com\/?p=3888"},"modified":"2024-04-26T16:58:51","modified_gmt":"2024-04-26T16:58:51","slug":"el-frejupa-aprobo-la-reactivacion-de-la-obra-publica","status":"publish","type":"post","link":"https:\/\/politicapatagonica.com\/index.php\/2024\/04\/25\/el-frejupa-aprobo-la-reactivacion-de-la-obra-publica\/","title":{"rendered":"Finalmente, el Gobierno de La Pampa tiene v\u00eda libre para la reactivaci\u00f3n de la obra p\u00fablica"},"content":{"rendered":"\n<p><strong>El bloque de diputados provinciales del\u00a0Frente Justicialista Pampeano aprob\u00f3 la declaraci\u00f3n de emergencia de la obra p\u00fablica en la provincia. Esto permitir\u00e1 que se reactiven las obras p\u00fablicas paralizadas<\/strong> por el abandono financiero del gobierno nacional, del presidente Javier Miliei.<\/p>\n\n\n\n<p><strong>La oposici\u00f3n se opuso porque pretend\u00eda que la emergencia abarcara a un listado de obras acotado y no incluyera las obras provinciales, para evitar que se relajen los controles. <\/strong>Votaron en contra, pero<strong> como falt\u00f3 el diputado tiernista Maximiliano Aliaga, no hubo empate<\/strong>. No hizo falta el desempate de la vicegobernadora Alicia Mayoral.<\/p>\n\n\n\n<p>Apurar\u00e1n los tiempos para tratar el <strong>proyecto del<\/strong> <strong>gobierno provincial para hacerse cargo de las obras p\u00fablicas paralizadas por el ajuste de Milei.<\/strong><\/p>\n\n\n\n<p>La semana pasada el proyecto no se trat\u00f3 sobre tablas porque oficialismo y oposici\u00f3n no se pusieron de acuerdo. La demora provoc\u00f3 el repudio de los gremios afectados. <strong>El bloque oficialista aprob\u00f3 por mayor\u00eda la propuesta del gobierno de declarar la emergencia de la obra p\u00fablica en La Pampa.<\/strong> En sus discursos, los legisladores del FreJuPa reclamaron m\u00e1s sensibilidad a la oposici\u00f3n.<\/p>\n\n\n\n<p><strong>Los bloques opositores, en cambio, insistieron en la pretensi\u00f3n de que esa emergencia se limitara a un listado acotado de obras<\/strong>, para no darle un cheque en blanco al Gobierno provincial. La UCR y el RPO votaron un dictamen propio, con esa limitaci\u00f3n. Tienen 13 votos.<\/p>\n\n\n\n<p>En el tiernismo, Comunidad Organizada, hubo una deserci\u00f3n: falt\u00f3 Maximiliano Aliaga. Entonces solo la diputada Sandra Fonseca vot\u00f3 por el rechazo de la propuesta oficial. <strong>Quedaron 15 a favor y 14 en contra.<\/strong><\/p>\n\n\n\n<p>La ausencia de Aliaga permiti\u00f3 que el oficialismo no necesite hacer valer el voto de la vice Mayoral si hubiese habido\u00a0empate en 15 para aprobar la iniciativa.<\/p>\n\n\n\n<p>El tratamiento ven\u00eda demorado tambi\u00e9n porque <strong>la C\u00e1mara comenz\u00f3 a funcionar casi 20 d\u00edas despu\u00e9s de lo previsto<\/strong>, porque la disputa por la integraci\u00f3n de las comisiones y sus presidencias incluy\u00f3 la estrategia de la oposici\u00f3n de no dar qu\u00f3rum para presionar y obtener los lugares requeridos.<\/p>\n\n\n\n<p>El Bloque PRO &#8211; MID justific\u00f3 su rechazo al proyecto de obras p\u00fablicas enviado por el Poder Ejecutivo y como alternativa defendi\u00f3 su propia iniciativa.\u00a0<strong>&#8220;Pusimos en consideraci\u00f3n dos mociones: la realizaci\u00f3n de obra p\u00fablica con control y la realizaci\u00f3n de obra p\u00fablica sin control. El oficialismo eligi\u00f3 la segunda opci\u00f3n&#8221;<\/strong>, explic\u00f3 la diputada Mar\u00eda Laura Trapaglia. Y enfatiz\u00f3: &#8220;El l\u00edmite no es la obra p\u00fablica, sino la utilizaci\u00f3n discrecional de los fondos por parte del Poder Ejecutivo&#8221;.<\/p>\n\n\n\n<p>&#8220;Desde un primer momento, todos los diputados de nuestro bloque demostraron voluntad para apoyar la iniciativa oficialista. Siempre se busc\u00f3 la continuidad de las obras, apoyamos que se hagan esfuerzos para mantener las fuentes laborales, por un lado, para que no se pierdan las inversiones en obras ya iniciadas; y por otro para que puedan terminarse las mismas en tanto sabemos de la importancia de muchas de ellas en la vida de los pampeanos&#8221;, manifest\u00f3.<\/p>\n\n\n\n<p>Y agreg\u00f3:\u00a0<strong>&#8220;Hasta hoy tuvimos la esperanza de que el Poder Ejecutivo sepa que la provincia no es su feudo y que lo que sucede en esta Legislatura no es un mero acto administrativo&#8221;.<\/strong><\/p>\n\n\n\n<p>Trapaglia se\u00f1al\u00f3 que desde el Bloque PRO &#8211; MID presentaron un dictamen que &#8220;en general va en el mismo sentido que el presentado por el oficialismo, solo que tiene una sutil pero sustancial diferencia que est\u00e1 dada por lo que consideramos es fundamental a partir de lo que nos ha pedido la ciudadan\u00eda, y que se resume en <strong>permitir gestionar extremando los recaudos para que los actos del Estado<\/strong> &#8211; en este caso los referidos a la obra p\u00fablica &#8211; <strong>no sean lo que la conciencia popular identifica como un festival de corrupci\u00f3n y favoritismo a empresarios amigos<\/strong>&#8220;.\u00a0<\/p>\n\n\n\n<p>Adem\u00e1s, la diputada del PRO se refiri\u00f3 a la declaraci\u00f3n de emergencia en obra p\u00fablica que pretende aprobar el Gobierno Provincial y dijo &#8220;por muchos a\u00f1os hemos debido escuchar que han sido &#8220;administradores sagaces y previsores&#8221;, que La Pampa tiene autonom\u00eda y que incluso han formado un fondo antic\u00edclico del que nunca han dado verdaderas precisiones.\u00a0<strong>Cuesta creer que si fueron previsores y buenos administradores, en 4 meses debamos incluir en emergencia a la totalidad de obra p\u00fablica provincial y que esta situaci\u00f3n los haya sorprendido<\/strong>&#8220;.<\/p>\n\n\n\n<p><strong>&#8220;Consideramos que una vez m\u00e1s el Gobierno ha mostrado su maquiav\u00e9lica forma de llevar adelante la pol\u00edtica, entre bambalinas fuerzan la no aprobaci\u00f3n de la ley, pero p\u00fablicamente reniegan de ello&#8221;<\/strong>, sostuvo Trapaglia.<\/p>\n\n\n\n<p>Y concluy\u00f3: &#8220;Est\u00e1bamos todos de acuerdo hasta que le pedimos precisiones al Poder Ejecutivo y no quiso, no supo o no pudo darlas, acostumbrado como estuvo durante a\u00f1os a no hacerlo; la realidad hoy nos obliga y los obliga a ellos a modificar las formas para poder avanzar en un futuro mejor para todos los pampeanos&#8221;.<\/p>\n\n\n\n<p><strong>Fuente: www.eldiariodelapampa.com.ar<\/strong><\/p>\n","protected":false},"excerpt":{"rendered":"<p>El bloque de diputados provinciales del\u00a0Frente Justicialista Pampeano aprob\u00f3 la declaraci\u00f3n de emergencia de la obra p\u00fablica en la provincia. Esto permitir\u00e1 que se reactiven las obras p\u00fablicas paralizadas por el abandono financiero del gobierno nacional, del presidente Javier Miliei. La oposici\u00f3n se opuso porque pretend\u00eda que la emergencia abarcara a un listado de obras [&hellip;]<\/p>\n","protected":false},"author":5,"featured_media":3889,"comment_status":"open","ping_status":"open","sticky":false,"template":"","format":"standard","meta":[],"categories":[10],"tags":[],"_links":{"self":[{"href":"https:\/\/politicapatagonica.com\/index.php\/wp-json\/wp\/v2\/posts\/3888"}],"collection":[{"href":"https:\/\/politicapatagonica.com\/index.php\/wp-json\/wp\/v2\/posts"}],"about":[{"href":"https:\/\/politicapatagonica.com\/index.php\/wp-json\/wp\/v2\/types\/post"}],"author":[{"embeddable":true,"href":"https:\/\/politicapatagonica.com\/index.php\/wp-json\/wp\/v2\/users\/5"}],"replies":[{"embeddable":true,"href":"https:\/\/politicapatagonica.com\/index.php\/wp-json\/wp\/v2\/comments?post=3888"}],"version-history":[{"count":6,"href":"https:\/\/politicapatagonica.com\/index.php\/wp-json\/wp\/v2\/posts\/3888\/revisions"}],"predecessor-version":[{"id":3901,"href":"https:\/\/politicapatagonica.com\/index.php\/wp-json\/wp\/v2\/posts\/3888\/revisions\/3901"}],"wp:featuredmedia":[{"embeddable":true,"href":"https:\/\/politicapatagonica.com\/index.php\/wp-json\/wp\/v2\/media\/3889"}],"wp:attachment":[{"href":"https:\/\/politicapatagonica.com\/index.php\/wp-json\/wp\/v2\/media?parent=3888"}],"wp:term":[{"taxonomy":"category","embeddable":true,"href":"https:\/\/politicapatagonica.com\/index.php\/wp-json\/wp\/v2\/categories?post=3888"},{"taxonomy":"post_tag","embeddable":true,"href":"https:\/\/politicapatagonica.com\/index.php\/wp-json\/wp\/v2\/tags?post=3888"}],"curies":[{"name":"wp","href":"https:\/\/api.w.org\/{rel}","templated":true}]}}