{"id":3882,"date":"2024-04-24T20:53:18","date_gmt":"2024-04-24T20:53:18","guid":{"rendered":"https:\/\/politicapatagonica.com\/?p=3882"},"modified":"2024-04-25T12:57:37","modified_gmt":"2024-04-25T12:57:37","slug":"el-gobierno-rionegrino-establecio-un-nuevo-piso-salarial-para-el-maestro-de-grado","status":"publish","type":"post","link":"https:\/\/politicapatagonica.com\/index.php\/2024\/04\/24\/el-gobierno-rionegrino-establecio-un-nuevo-piso-salarial-para-el-maestro-de-grado\/","title":{"rendered":"El Gobierno rionegrino estableci\u00f3 un nuevo piso salarial para el maestro de grado"},"content":{"rendered":"\n<p>En el marco del di\u00e1logo continuo y sostenido que se mantiene con los gremios,<strong> la ministra de Educaci\u00f3n y Derechos Humanos, Patricia Campos, recibi\u00f3 a la secretaria general del sindicato docente UnTER, Silvana Inostroza,<\/strong> en donde atendiendo las presentaciones realizadas y se present\u00f3 el nuevo piso salarial para el maestro de grado.<br><br>En este sentido, en virtud de la garant\u00eda y previsibilidad de la liquidaci\u00f3n de los haberes, <strong>el Gobierno estableci\u00f3 un piso salarial para el maestro de grado con un solo cargo para el mes de abril de $620.000 y de $673.000 para el mes de mayo.<\/strong><\/p>\n\n\n\n<p>En tanto, respecto del c\u00e1lculo de la ubicaci\u00f3n se ratifica<strong> lo planteado la \u00faltima paritaria sumando el concepto de Antig\u00fcedad para el c\u00e1lculo de la misma<\/strong>. En este sentido, se suma a la totalidad de los y las docentes que no percib\u00edan este concepto.<\/p>\n\n\n\n<p>Finalmente, <strong>las partes acordaron elevar el acta a la secretaria de Trabajo<\/strong>, junto a las grillas correspondientes, para su homologaci\u00f3n.<\/p>\n\n\n\n<p>De la reuni\u00f3n participaron tambi\u00e9n la secretaria de Educaci\u00f3n,<strong> Ana Laura Giovanini,<\/strong> el secretario de Articulaci\u00f3n y Gesti\u00f3n, <strong>Adri\u00e1n Carrizo<\/strong>; y por UnTER, la secretaria General,<strong> Silvana Inostroza<\/strong>; el vocal gremial del CPE, <strong>Marcelo Nervi<\/strong> y la secretaria de Gremial y de Organizaci\u00f3n, <strong>Mar\u00eda Casta\u00f1eda.<\/strong><\/p>\n\n\n\n<p><strong>Fuente: noticiasrionegro.com.ar<\/strong><\/p>\n","protected":false},"excerpt":{"rendered":"<p>En el marco del di\u00e1logo continuo y sostenido que se mantiene con los gremios, la ministra de Educaci\u00f3n y Derechos Humanos, Patricia Campos, recibi\u00f3 a la secretaria general del sindicato docente UnTER, Silvana Inostroza, en donde atendiendo las presentaciones realizadas y se present\u00f3 el nuevo piso salarial para el maestro de grado. En este sentido, [&hellip;]<\/p>\n","protected":false},"author":5,"featured_media":3883,"comment_status":"open","ping_status":"open","sticky":false,"template":"","format":"standard","meta":[],"categories":[13],"tags":[],"_links":{"self":[{"href":"https:\/\/politicapatagonica.com\/index.php\/wp-json\/wp\/v2\/posts\/3882"}],"collection":[{"href":"https:\/\/politicapatagonica.com\/index.php\/wp-json\/wp\/v2\/posts"}],"about":[{"href":"https:\/\/politicapatagonica.com\/index.php\/wp-json\/wp\/v2\/types\/post"}],"author":[{"embeddable":true,"href":"https:\/\/politicapatagonica.com\/index.php\/wp-json\/wp\/v2\/users\/5"}],"replies":[{"embeddable":true,"href":"https:\/\/politicapatagonica.com\/index.php\/wp-json\/wp\/v2\/comments?post=3882"}],"version-history":[{"count":1,"href":"https:\/\/politicapatagonica.com\/index.php\/wp-json\/wp\/v2\/posts\/3882\/revisions"}],"predecessor-version":[{"id":3884,"href":"https:\/\/politicapatagonica.com\/index.php\/wp-json\/wp\/v2\/posts\/3882\/revisions\/3884"}],"wp:featuredmedia":[{"embeddable":true,"href":"https:\/\/politicapatagonica.com\/index.php\/wp-json\/wp\/v2\/media\/3883"}],"wp:attachment":[{"href":"https:\/\/politicapatagonica.com\/index.php\/wp-json\/wp\/v2\/media?parent=3882"}],"wp:term":[{"taxonomy":"category","embeddable":true,"href":"https:\/\/politicapatagonica.com\/index.php\/wp-json\/wp\/v2\/categories?post=3882"},{"taxonomy":"post_tag","embeddable":true,"href":"https:\/\/politicapatagonica.com\/index.php\/wp-json\/wp\/v2\/tags?post=3882"}],"curies":[{"name":"wp","href":"https:\/\/api.w.org\/{rel}","templated":true}]}}