{"id":3879,"date":"2024-04-24T20:02:24","date_gmt":"2024-04-24T20:02:24","guid":{"rendered":"https:\/\/politicapatagonica.com\/?p=3879"},"modified":"2024-04-25T12:55:27","modified_gmt":"2024-04-25T12:55:27","slug":"merino-se-reunio-con-los-concejales-para-explicar-el-proyecto-de-ampliacion-del-ejido-de-trelew","status":"publish","type":"post","link":"https:\/\/politicapatagonica.com\/index.php\/2024\/04\/24\/merino-se-reunio-con-los-concejales-para-explicar-el-proyecto-de-ampliacion-del-ejido-de-trelew\/","title":{"rendered":"Merino se reuni\u00f3 con los concejales para explicar el proyecto de ampliaci\u00f3n del ejido de Trelew"},"content":{"rendered":"\n<p><strong>El intendente de Trelew, Gerardo Merino, reuni\u00f3 a los 10 concejales de la ciudad en el Concejo Deliberante para explicar los detalles y pormenores del proyecto de ampliaci\u00f3n del ejido de la ciudad<\/strong>, previo a una reuni\u00f3n con intendentes que promueve.<\/p>\n\n\n\n<p>A su arribo, el intendente Merino subray\u00f3 que el motivo del encuentro fue informar, pero tambi\u00e9n &#8220;enriquecer y sacar dudas, porque m\u00e1s all\u00e1 de que no pasa por el Concejo, es importante tener el apoyo as\u00ed\u00a0como lo vengo conversando con ex intendentes y la oposici\u00f3n&#8221;.<\/p>\n\n\n\n<p>Ratific\u00f3 que <strong>&#8220;la idea es no perjudicar a nadie,\u00a0la idea es una salida al mar al este,\u00a0desde Isla Escondida hasta Punta Tombo&#8221;<\/strong>.<\/p>\n\n\n\n<p>Al respecto, el concejal Rub\u00e9n C\u00e1ceres explic\u00f3 en la previa que el encuentro es &#8220;muy importante&#8221;, y expres\u00f3 que &#8220;<strong>esperamos unanimidad en el apoyo en lo que reclama Trelew, porque tiene\u00a0derecho y necesidad de ampliar su base territorial<\/strong>&#8220;.<\/p>\n\n\n\n<p>Sobre los reparos que se han manifestado desde la oposici\u00f3n, expres\u00f3 que es &#8220;parte de no conocer el proyecto en detalle&#8221;, motivo por el cual valor\u00f3 la reuni\u00f3n.<\/p>\n\n\n\n<p>Por su parte, la presidenta del Concejo, Claudia Monaj\u00ed, sum\u00f3 que <strong>el proyecto &#8220;trae beneficios econ\u00f3micos <\/strong>para Trelew,\u00a0porque ha quedado reducida,\u00a0es la ciudad m\u00e1s grande y con menor ejido, la mitad\u00a0de lo que tiene el resto de las ciudades&#8221;, sostuvo en referencia a Puerto Madryn o Rawson, por lo que sentenci\u00f3 que &#8220;Trelew tiene derecho a crecer&#8221;.<\/p>\n\n\n\n<p><strong>Fuente: www.elchubut.com.ar<\/strong><\/p>\n","protected":false},"excerpt":{"rendered":"<p>El intendente de Trelew, Gerardo Merino, reuni\u00f3 a los 10 concejales de la ciudad en el Concejo Deliberante para explicar los detalles y pormenores del proyecto de ampliaci\u00f3n del ejido de la ciudad, previo a una reuni\u00f3n con intendentes que promueve. A su arribo, el intendente Merino subray\u00f3 que el motivo del encuentro fue informar, [&hellip;]<\/p>\n","protected":false},"author":5,"featured_media":3880,"comment_status":"open","ping_status":"open","sticky":false,"template":"","format":"standard","meta":[],"categories":[14],"tags":[],"_links":{"self":[{"href":"https:\/\/politicapatagonica.com\/index.php\/wp-json\/wp\/v2\/posts\/3879"}],"collection":[{"href":"https:\/\/politicapatagonica.com\/index.php\/wp-json\/wp\/v2\/posts"}],"about":[{"href":"https:\/\/politicapatagonica.com\/index.php\/wp-json\/wp\/v2\/types\/post"}],"author":[{"embeddable":true,"href":"https:\/\/politicapatagonica.com\/index.php\/wp-json\/wp\/v2\/users\/5"}],"replies":[{"embeddable":true,"href":"https:\/\/politicapatagonica.com\/index.php\/wp-json\/wp\/v2\/comments?post=3879"}],"version-history":[{"count":2,"href":"https:\/\/politicapatagonica.com\/index.php\/wp-json\/wp\/v2\/posts\/3879\/revisions"}],"predecessor-version":[{"id":3887,"href":"https:\/\/politicapatagonica.com\/index.php\/wp-json\/wp\/v2\/posts\/3879\/revisions\/3887"}],"wp:featuredmedia":[{"embeddable":true,"href":"https:\/\/politicapatagonica.com\/index.php\/wp-json\/wp\/v2\/media\/3880"}],"wp:attachment":[{"href":"https:\/\/politicapatagonica.com\/index.php\/wp-json\/wp\/v2\/media?parent=3879"}],"wp:term":[{"taxonomy":"category","embeddable":true,"href":"https:\/\/politicapatagonica.com\/index.php\/wp-json\/wp\/v2\/categories?post=3879"},{"taxonomy":"post_tag","embeddable":true,"href":"https:\/\/politicapatagonica.com\/index.php\/wp-json\/wp\/v2\/tags?post=3879"}],"curies":[{"name":"wp","href":"https:\/\/api.w.org\/{rel}","templated":true}]}}