{"id":3863,"date":"2024-04-23T20:16:11","date_gmt":"2024-04-23T20:16:11","guid":{"rendered":"https:\/\/politicapatagonica.com\/?p=3863"},"modified":"2024-04-23T20:43:07","modified_gmt":"2024-04-23T20:43:07","slug":"diputado-de-santa-cruz-tuvo-un-acv-y-lo-trasladaron-de-urgencia-a-buenos-aires","status":"publish","type":"post","link":"https:\/\/politicapatagonica.com\/index.php\/2024\/04\/23\/diputado-de-santa-cruz-tuvo-un-acv-y-lo-trasladaron-de-urgencia-a-buenos-aires\/","title":{"rendered":"Diputado de Santa Cruz tuvo un ACV y lo trasladaron de urgencia a Buenos Aires"},"content":{"rendered":"\n<p>El diputado por Pueblo de Caleta Olivia y referente del\u00a0<strong>Movimiento Evita<\/strong>\u00a0en la zona norte de Santa Cruz,\u00a0<strong>V\u00edctor Chamorro<\/strong>, <strong>sufri\u00f3 un ACV<\/strong> este martes y fue derivado de urgencia a Buenos Aires para ser atendido en un centro de salud de mayor complejidad, seg\u00fan pudo saber\u00a0<strong>La Opini\u00f3n Austral<\/strong>.<\/p>\n\n\n\n<p><strong>V\u00edctor Chamorro<\/strong>&nbsp;iba a participar de la sesi\u00f3n de este jueves en la C\u00e1mara de Diputados, que por estos d\u00edas trata en comisiones el proyecto de reforma al Tribunal de Cuentas y analiza los pedidos de&nbsp;<strong>jury pol\u00edtico<\/strong>&nbsp;a expresidenta del Poder Judicial,<strong>&nbsp;Paula Ludue\u00f1a<\/strong>, entre otros temas.<\/p>\n\n\n\n<p>En la \u00faltima sesi\u00f3n, hace dos semanas <strong>los diputados suspendieron la sesi\u00f3n por algunos minutos luego de que Chamorro sufriera una descompensaci\u00f3n.<\/strong><\/p>\n\n\n\n<p>El dirigente social de la organizaci\u00f3n en Caleta Oliva que lidera&nbsp;<strong>Emilio P\u00e9rsico<\/strong>&nbsp;se alej\u00f3 del bloque oficialista que encabeza&nbsp;<strong>Claudio Vidal<\/strong>, Por Santa Cruz, y&nbsp;pidi\u00f3 formar un bloque aparte con el radical&nbsp;<strong>Pedro Valenzuela<\/strong>.<\/p>\n\n\n\n<p><strong>Fuente: www.laopinionaustral.com.ar<\/strong><\/p>\n","protected":false},"excerpt":{"rendered":"<p>El diputado por Pueblo de Caleta Olivia y referente del\u00a0Movimiento Evita\u00a0en la zona norte de Santa Cruz,\u00a0V\u00edctor Chamorro, sufri\u00f3 un ACV este martes y fue derivado de urgencia a Buenos Aires para ser atendido en un centro de salud de mayor complejidad, seg\u00fan pudo saber\u00a0La Opini\u00f3n Austral. V\u00edctor Chamorro&nbsp;iba a participar de la sesi\u00f3n de [&hellip;]<\/p>\n","protected":false},"author":5,"featured_media":3864,"comment_status":"open","ping_status":"open","sticky":false,"template":"","format":"standard","meta":[],"categories":[8],"tags":[],"_links":{"self":[{"href":"https:\/\/politicapatagonica.com\/index.php\/wp-json\/wp\/v2\/posts\/3863"}],"collection":[{"href":"https:\/\/politicapatagonica.com\/index.php\/wp-json\/wp\/v2\/posts"}],"about":[{"href":"https:\/\/politicapatagonica.com\/index.php\/wp-json\/wp\/v2\/types\/post"}],"author":[{"embeddable":true,"href":"https:\/\/politicapatagonica.com\/index.php\/wp-json\/wp\/v2\/users\/5"}],"replies":[{"embeddable":true,"href":"https:\/\/politicapatagonica.com\/index.php\/wp-json\/wp\/v2\/comments?post=3863"}],"version-history":[{"count":4,"href":"https:\/\/politicapatagonica.com\/index.php\/wp-json\/wp\/v2\/posts\/3863\/revisions"}],"predecessor-version":[{"id":3876,"href":"https:\/\/politicapatagonica.com\/index.php\/wp-json\/wp\/v2\/posts\/3863\/revisions\/3876"}],"wp:featuredmedia":[{"embeddable":true,"href":"https:\/\/politicapatagonica.com\/index.php\/wp-json\/wp\/v2\/media\/3864"}],"wp:attachment":[{"href":"https:\/\/politicapatagonica.com\/index.php\/wp-json\/wp\/v2\/media?parent=3863"}],"wp:term":[{"taxonomy":"category","embeddable":true,"href":"https:\/\/politicapatagonica.com\/index.php\/wp-json\/wp\/v2\/categories?post=3863"},{"taxonomy":"post_tag","embeddable":true,"href":"https:\/\/politicapatagonica.com\/index.php\/wp-json\/wp\/v2\/tags?post=3863"}],"curies":[{"name":"wp","href":"https:\/\/api.w.org\/{rel}","templated":true}]}}