{"id":3860,"date":"2024-04-22T21:26:17","date_gmt":"2024-04-22T21:26:17","guid":{"rendered":"https:\/\/politicapatagonica.com\/?p=3860"},"modified":"2024-04-23T20:39:24","modified_gmt":"2024-04-23T20:39:24","slug":"el-pj-pampeano-advierte-que-esta-en-riesgo-el-boleto-estudiantil-y-la-carrera-de-medicina","status":"publish","type":"post","link":"https:\/\/politicapatagonica.com\/index.php\/2024\/04\/22\/el-pj-pampeano-advierte-que-esta-en-riesgo-el-boleto-estudiantil-y-la-carrera-de-medicina\/","title":{"rendered":"El PJ pampeano advierte que est\u00e1 en riesgo el boleto estudiantil y la carrera de Medicina"},"content":{"rendered":"\n<p>&#8220;El ajuste infinito que pretende Javier Milei <strong>pone en riesgo la formaci\u00f3n, la calidad educativa argentina,<\/strong> faro en Latinoam\u00e9rica y el mundo, y la posibilidad cierta de movilidad social que brinda el acceso al conocimiento y su desarrollo&#8221;, se\u00f1alaron desde el PJ pampeano.<\/p>\n\n\n\n<p>Advirtieron, a trav\u00e9s de un comunicado, que <strong>&#8220;no se puede pensar en una Argentina que se aleje de las crisis, sin la educaci\u00f3n como uno de sus principales motores&#8221;.<\/strong><\/p>\n\n\n\n<p><strong>&#8220;La gratuidad universitaria es un logro del peronismo, que en noviembre pr\u00f3ximo cumplir\u00e1 75 a\u00f1os de vigencia&#8221;,<\/strong> se\u00f1alaron, y recordaron una frase de Juan Domingo Per\u00f3n: &#8220;La conquista m\u00e1s grande de la gratuidad fue que la universidad se llen\u00f3 de hijos de obreros&#8221;.<\/p>\n\n\n\n<p><strong>&#8220;Milei y sus personeros pretenden terminar con 75 a\u00f1os de historia de acceso irrestricto a las universidades p\u00fablicas argentinas. Lo hacen cuando dejan a las universidades nacionales con el mismo presupuesto que el a\u00f1o pasado, pero con el pa\u00eds con una inflaci\u00f3n anual del 276%. Por eso no es de extra\u00f1ar que ni las luces enciendan ahora los edificios universitarios&#8221;<\/strong>, lamentaron.<\/p>\n\n\n\n<p>Convocaron a &#8220;toda la sociedad pampeana a <strong>no permitir que se apague la luz del conocimiento<\/strong>. Que puedan ponerse en marcha nuevamente los programas de becas que permiten al estudiantado de menores recursos no ver como una brecha su posibilidad de estudiar&#8221;.<\/p>\n\n\n\n<p>Sobre la situaci\u00f3n en La Pampa, remarcaron que las medidas econ\u00f3micas ponen en peligro la continuidad del boleto estudiantil universitario gratuito y la carrera de Medicina. <strong>&#8220;El Gobierno Provincial, que encabeza Sergio Ziliotto, asumi\u00f3 un compromiso p\u00fablico en este sentido, pero para cumplirlo necesita tambi\u00e9n que se garanticen los aportes nacionales&#8221;,<\/strong> insistieron.<\/p>\n\n\n\n<p>&#8220;Marchar este 23 de abril debe ser una cita obligada, para defender lo que es nuestro y para garantizar el futuro de nuestras hijas e hijos&#8221;, finalizaron.<\/p>\n\n\n\n<p><strong>Fuente: www.eldiariodelapampa.com.ar<\/strong><\/p>\n","protected":false},"excerpt":{"rendered":"<p>&#8220;El ajuste infinito que pretende Javier Milei pone en riesgo la formaci\u00f3n, la calidad educativa argentina, faro en Latinoam\u00e9rica y el mundo, y la posibilidad cierta de movilidad social que brinda el acceso al conocimiento y su desarrollo&#8221;, se\u00f1alaron desde el PJ pampeano. Advirtieron, a trav\u00e9s de un comunicado, que &#8220;no se puede pensar en [&hellip;]<\/p>\n","protected":false},"author":5,"featured_media":3861,"comment_status":"open","ping_status":"open","sticky":false,"template":"","format":"standard","meta":[],"categories":[10],"tags":[],"_links":{"self":[{"href":"https:\/\/politicapatagonica.com\/index.php\/wp-json\/wp\/v2\/posts\/3860"}],"collection":[{"href":"https:\/\/politicapatagonica.com\/index.php\/wp-json\/wp\/v2\/posts"}],"about":[{"href":"https:\/\/politicapatagonica.com\/index.php\/wp-json\/wp\/v2\/types\/post"}],"author":[{"embeddable":true,"href":"https:\/\/politicapatagonica.com\/index.php\/wp-json\/wp\/v2\/users\/5"}],"replies":[{"embeddable":true,"href":"https:\/\/politicapatagonica.com\/index.php\/wp-json\/wp\/v2\/comments?post=3860"}],"version-history":[{"count":1,"href":"https:\/\/politicapatagonica.com\/index.php\/wp-json\/wp\/v2\/posts\/3860\/revisions"}],"predecessor-version":[{"id":3862,"href":"https:\/\/politicapatagonica.com\/index.php\/wp-json\/wp\/v2\/posts\/3860\/revisions\/3862"}],"wp:featuredmedia":[{"embeddable":true,"href":"https:\/\/politicapatagonica.com\/index.php\/wp-json\/wp\/v2\/media\/3861"}],"wp:attachment":[{"href":"https:\/\/politicapatagonica.com\/index.php\/wp-json\/wp\/v2\/media?parent=3860"}],"wp:term":[{"taxonomy":"category","embeddable":true,"href":"https:\/\/politicapatagonica.com\/index.php\/wp-json\/wp\/v2\/categories?post=3860"},{"taxonomy":"post_tag","embeddable":true,"href":"https:\/\/politicapatagonica.com\/index.php\/wp-json\/wp\/v2\/tags?post=3860"}],"curies":[{"name":"wp","href":"https:\/\/api.w.org\/{rel}","templated":true}]}}