{"id":3857,"date":"2024-04-22T19:54:18","date_gmt":"2024-04-22T19:54:18","guid":{"rendered":"https:\/\/politicapatagonica.com\/?p=3857"},"modified":"2024-04-23T20:38:48","modified_gmt":"2024-04-23T20:38:48","slug":"exitosa-segunda-edicion","status":"publish","type":"post","link":"https:\/\/politicapatagonica.com\/index.php\/2024\/04\/22\/exitosa-segunda-edicion\/","title":{"rendered":"Se realiz\u00f3 la segunda edici\u00f3n de la Expo PyME Fueguina con la participaci\u00f3n de 50 empresas"},"content":{"rendered":"\n<p><br>Durante el fin de semana se realiz\u00f3 en el Centro Cultural Los Yaganes de R\u00edo Grande la<strong> segunda edici\u00f3n de la Expo PyME Fueguina, que cont\u00f3 con la participaci\u00f3n de m\u00e1s de 50 empresas<\/strong> de sectores primarios como Pesca, Turba, Forestal, Agroganader\u00eda, Alimentos y Bebidas, Bienes y Servicios de Apoyo a la Industria, y Econom\u00eda del Conocimiento.<\/p>\n\n\n\n<p>Durante la inauguraci\u00f3n, la <strong>ministra de Producci\u00f3n y Ambiente, Karina Fern\u00e1ndez<\/strong>, afirm\u00f3 que \u201ceste evento representa el impulso econ\u00f3mico, el compromiso con el progreso y la innovaci\u00f3n de nuestra provincia\u201d<\/p>\n\n\n\n<p>Tambi\u00e9n estuvieron presentes la ministra de Obras y Servicios P\u00fablicos, Gabriela Castillo; la ministra de Trabajo y Empleo, Sonia Castiglione y el secretario de Representaci\u00f3n Pol\u00edtica del Gobierno, Federico Gim\u00e9nez. Tambi\u00e9n participaron el legislador Dami\u00e1n L\u00f6ffler; la presidenta del Concejo Deliberante de R\u00edo Grande a cargo de la Intendencia, Guadalupe Zamora y la Concejal Luc\u00eda Rossi.<\/p>\n\n\n\n<p>Adem\u00e1s de los stands de los expositores, acompa\u00f1aron la feria instituciones como el Consejo Federal de Inversiones (CFI), el Instituto Nacional de Tecnolog\u00eda Agropecuaria (INTA), el Instituto Nacional de Tecnolog\u00eda Industrial (INTI), la Universidad Nacional de Tierra del Fuego (UNTDF), el Centro de Investigaci\u00f3n y Extensi\u00f3n Forestal Andino Patag\u00f3nico (CIEFAP), el Banco de Tierra del Fuego (BTF), el Banco de la Naci\u00f3n Argentina (BNA), el Fondo de Garant\u00eda de Fomento (FOGADEF), el Instituto Fueguino de Turismo (INFUETUR) y la Universidad Tecnol\u00f3gica Nacional (UTN); cuya presencia y acompa\u00f1amiento enriquecen el evento al<strong> proporcionar apoyo t\u00e9cnico, acceso a recursos financieros, promoci\u00f3n y difusi\u00f3n, as\u00ed como oportunidades de colaboraci\u00f3n en investigaci\u00f3n y desarrollo.<\/strong><\/p>\n\n\n\n<p>Fern\u00e1ndez destac\u00f3 el <strong>valor agregado que aportan las PyMEs a la provincia<\/strong>, \u201cdonde sus representantes son actores clave de nuestra econom\u00eda activa porque gracias a ellos tenemos empleo, tenemos la formaci\u00f3n, el conocimiento y el saber que trasmiten a otros para incentivar a que haya m\u00e1s emprendedores y empresas que apuesten por Tierra del Fuego\u201d.<\/p>\n\n\n\n<p>\u201c<strong>La Expo PYME Fueguina es un evento que representa el impulso econ\u00f3mico, el compromiso con el progreso y la innovaci\u00f3n de nuestra provincia. <\/strong>Ac\u00e1 se puede ver la producci\u00f3n de una provincia, \u00e9stas son nuestras empresas y es fundamental apoyarlas desde todos los \u00e1mbitos\u201d valor\u00f3 la Ministra.<\/p>\n\n\n\n<p>Asimismo, destac\u00f3 el trabajo realizado por la Secretar\u00eda de Desarrollo Productivo y PyME dependiente del Ministerio, \u201cquienes acompa\u00f1an con asistencia t\u00e9cnica y financiera tan importante en este contexto de crisis, as\u00ed como con la puesta en marcha de estos espacios para que las empresas puedan llevarse contactos, oportunidades de negocio y fomentar el acercamiento de las y los vecinos para darse a conocer\u201d.<\/p>\n\n\n\n<p>En tal sentido, la titular de Producci\u00f3n y Ambiente manifest\u00f3 el compromiso del Gobierno &#8220;de continuar con la pol\u00edtica marcada por nuestro gobernador Gustavo Melella, y <strong>seguir trabajando de manera sin\u00e9rgica en pos de generar nuevas estrategias y caminos para todos<\/strong>\u201d.<\/p>\n\n\n\n<p>Finalmente, expres\u00f3 su reconocimiento a todos los participantes \u201cpor su contribuci\u00f3n al crecimiento de nuestra econom\u00eda local y desearles que esta segunda edici\u00f3n supere todas las expectativas y marque el comienzo de nuevas oportunidades para todos\u201d.<\/p>\n\n\n\n<p><strong>Fuente: www.eldiariodelfindelmundo.com<\/strong><\/p>\n","protected":false},"excerpt":{"rendered":"<p>Durante el fin de semana se realiz\u00f3 en el Centro Cultural Los Yaganes de R\u00edo Grande la segunda edici\u00f3n de la Expo PyME Fueguina, que cont\u00f3 con la participaci\u00f3n de m\u00e1s de 50 empresas de sectores primarios como Pesca, Turba, Forestal, Agroganader\u00eda, Alimentos y Bebidas, Bienes y Servicios de Apoyo a la Industria, y Econom\u00eda [&hellip;]<\/p>\n","protected":false},"author":5,"featured_media":3858,"comment_status":"open","ping_status":"open","sticky":false,"template":"","format":"standard","meta":[],"categories":[11],"tags":[],"_links":{"self":[{"href":"https:\/\/politicapatagonica.com\/index.php\/wp-json\/wp\/v2\/posts\/3857"}],"collection":[{"href":"https:\/\/politicapatagonica.com\/index.php\/wp-json\/wp\/v2\/posts"}],"about":[{"href":"https:\/\/politicapatagonica.com\/index.php\/wp-json\/wp\/v2\/types\/post"}],"author":[{"embeddable":true,"href":"https:\/\/politicapatagonica.com\/index.php\/wp-json\/wp\/v2\/users\/5"}],"replies":[{"embeddable":true,"href":"https:\/\/politicapatagonica.com\/index.php\/wp-json\/wp\/v2\/comments?post=3857"}],"version-history":[{"count":2,"href":"https:\/\/politicapatagonica.com\/index.php\/wp-json\/wp\/v2\/posts\/3857\/revisions"}],"predecessor-version":[{"id":3873,"href":"https:\/\/politicapatagonica.com\/index.php\/wp-json\/wp\/v2\/posts\/3857\/revisions\/3873"}],"wp:featuredmedia":[{"embeddable":true,"href":"https:\/\/politicapatagonica.com\/index.php\/wp-json\/wp\/v2\/media\/3858"}],"wp:attachment":[{"href":"https:\/\/politicapatagonica.com\/index.php\/wp-json\/wp\/v2\/media?parent=3857"}],"wp:term":[{"taxonomy":"category","embeddable":true,"href":"https:\/\/politicapatagonica.com\/index.php\/wp-json\/wp\/v2\/categories?post=3857"},{"taxonomy":"post_tag","embeddable":true,"href":"https:\/\/politicapatagonica.com\/index.php\/wp-json\/wp\/v2\/tags?post=3857"}],"curies":[{"name":"wp","href":"https:\/\/api.w.org\/{rel}","templated":true}]}}