{"id":3844,"date":"2024-04-19T21:22:44","date_gmt":"2024-04-19T21:22:44","guid":{"rendered":"https:\/\/politicapatagonica.com\/?p=3844"},"modified":"2024-04-23T20:33:38","modified_gmt":"2024-04-23T20:33:38","slug":"marcharan-las-dos-universidades-junto-a-distintos-sectores","status":"publish","type":"post","link":"https:\/\/politicapatagonica.com\/index.php\/2024\/04\/19\/marcharan-las-dos-universidades-junto-a-distintos-sectores\/","title":{"rendered":"Este martes marchan las dos Universidades de Chubut junto a distintos sectores sociales"},"content":{"rendered":"\n<p><strong>Distintos sectores de la Sede Esquel de la Universidad Nacional de la Patagonia \u201cSan Juan Bosco\u201d, integrados en una multisectorial con la Universidad del Chubut, CTA y ATECh, dieron detalles de la marcha del martes<\/strong> 23 de abril, en reclamo a nivel nacional por el recorte del presupuesto a la educaci\u00f3n p\u00fablica. Tambi\u00e9n particip\u00f3 una representaci\u00f3n de estudiantes secundarios.<\/p>\n\n\n\n<p>Desde los Centros de Estudiantes de las distintas Facultades, manifestaron que la situaci\u00f3n de las universidades y del sistema educativo en general es cr\u00edtica, recordando que \u201cestamos sin presupuesto, ya que se prorrog\u00f3 el del 2023, y \u201ccon una inflaci\u00f3n del 350 por ciento interanual, no alcanzamos a cubrir los gastos m\u00ednimos\u201d.<\/p>\n\n\n\n<p>Una representante de la Universidad del Chubut, remarc\u00f3 el apoyo a la marcha, y pidi\u00f3 que se sumen los m\u00e1s de 1.200 alumnos que cursan las cinco carreras. \u201cLa educaci\u00f3n es transversal a todos, y vamos a estar presentes\u201d.<\/p>\n\n\n\n<p>Un graduado de la Facultad de Ciencias Jur\u00eddicas, tambi\u00e9n invit\u00f3 a la movilizaci\u00f3n, e inform\u00f3 que el martes habr\u00e1 dos concentraciones previas a las 15 horas: Una en el edificio de aulas en la Ruta 259, y la otra en el Centro de Encuentro, donde funciona la Universidad del Chubut.<\/p>\n\n\n\n<p>Por parte de los investigadores cient\u00edficos, se\u00f1alaron a trav\u00e9s de un profesional que el CONICET est\u00e1 fuertemente ligado a la Universidad, y apoyan la marcha del 23 de abril. Sostuvo que forman a estudiantes, y luego reciben en sus Institutos a muchos de ellos. Agreg\u00f3 que el CONICET est\u00e1 teniendo recorte presupuestario, y algunas sedes deben cerrar, al no poder cubrir el pago de la electricidad.<\/p>\n\n\n\n<p><strong>Muy preocupados<\/strong><\/p>\n\n\n\n<p>Ver\u00f3nica Botto secretaria adjunta de la Asociaci\u00f3n de Docentes Universitarios (ADU), y representa al Claustro docente, en la mesa de discusiones paritarias a nivel nacional, subrayando que \u201cestamos atravesados por esta situaci\u00f3n, que hasta ponen en riesgo contratos de docentes que no ser\u00edan renovados. Estamos muy preocupados\u201d.<\/p>\n\n\n\n<p>El secretario general de la CTA Chubut, Tom\u00e1s Montenegro, afirm\u00f3 que con la ATECh y otros sindicatos, acompa\u00f1an a los estudiantes y a la comunidad universitaria, en defensa de la Universidad p\u00fablica, y la educaci\u00f3n p\u00fablica en general. Valor\u00f3 que Esquel es un polo educativo, y hay que defender a la Universidad y la ense\u00f1anza p\u00fablica, de las pol\u00edticas del gobierno nacional que las afectan.<\/p>\n\n\n\n<p><strong>\u201cNo vamos a dejar de dar clases\u201d<\/strong><\/p>\n\n\n\n<p>El delegado de la Sede Esquel de la Universidad Nacional de la Patagonia, Alexis Pantaenius, recalc\u00f3 la necesidad de visibilizar la problem\u00e1tica que atraviesan por el recorte presupuestario, y pidi\u00f3 el acompa\u00f1amiento de la comunidad.<\/p>\n\n\n\n<p>Explic\u00f3 que el martes a las 15 horas, una columna partir\u00e1 del edificio de aulas de la Universidad por Ruta 259, y la otra desde barrio Bad\u00e9n, sede de la Universidad del Chubut, para confluir en 25 de Mayo y Rivadavia, en el centro de la ciudad, de donde se trasladar\u00e1n a Sarmiento al 800, edificio perteneciente a la Universidad de la Patagonia, para dar lectura a un documento alrededor de las 17 horas.<\/p>\n\n\n\n<p>En este contexto Pantaenius se\u00f1al\u00f3 que el problema presupuestario involucra a toda la comunidad, porque la Universidad Nacional de la Patagonia al tener cercenados los recursos, no puede contener a m\u00e1s estudiantes, adem\u00e1s porque no hay fondos para continuar obras de ampliaci\u00f3n. \u201cLo que nunca har\u00e1 la Universidad es dejar de dar clases, y la Universidad es la posibilidad de lograr la movilidad social ascendente. Si tuvi\u00e9ramos que dejar de dar clases, ser\u00eda porque se cay\u00f3 todo, y no dejemos que eso suceda\u201d.<\/p>\n\n\n\n<p><strong>Fuente: www.diariojornada.com.ar<\/strong><\/p>\n","protected":false},"excerpt":{"rendered":"<p>Distintos sectores de la Sede Esquel de la Universidad Nacional de la Patagonia \u201cSan Juan Bosco\u201d, integrados en una multisectorial con la Universidad del Chubut, CTA y ATECh, dieron detalles de la marcha del martes 23 de abril, en reclamo a nivel nacional por el recorte del presupuesto a la educaci\u00f3n p\u00fablica. Tambi\u00e9n particip\u00f3 una [&hellip;]<\/p>\n","protected":false},"author":5,"featured_media":3845,"comment_status":"open","ping_status":"open","sticky":false,"template":"","format":"standard","meta":[],"categories":[14],"tags":[],"_links":{"self":[{"href":"https:\/\/politicapatagonica.com\/index.php\/wp-json\/wp\/v2\/posts\/3844"}],"collection":[{"href":"https:\/\/politicapatagonica.com\/index.php\/wp-json\/wp\/v2\/posts"}],"about":[{"href":"https:\/\/politicapatagonica.com\/index.php\/wp-json\/wp\/v2\/types\/post"}],"author":[{"embeddable":true,"href":"https:\/\/politicapatagonica.com\/index.php\/wp-json\/wp\/v2\/users\/5"}],"replies":[{"embeddable":true,"href":"https:\/\/politicapatagonica.com\/index.php\/wp-json\/wp\/v2\/comments?post=3844"}],"version-history":[{"count":4,"href":"https:\/\/politicapatagonica.com\/index.php\/wp-json\/wp\/v2\/posts\/3844\/revisions"}],"predecessor-version":[{"id":3871,"href":"https:\/\/politicapatagonica.com\/index.php\/wp-json\/wp\/v2\/posts\/3844\/revisions\/3871"}],"wp:featuredmedia":[{"embeddable":true,"href":"https:\/\/politicapatagonica.com\/index.php\/wp-json\/wp\/v2\/media\/3845"}],"wp:attachment":[{"href":"https:\/\/politicapatagonica.com\/index.php\/wp-json\/wp\/v2\/media?parent=3844"}],"wp:term":[{"taxonomy":"category","embeddable":true,"href":"https:\/\/politicapatagonica.com\/index.php\/wp-json\/wp\/v2\/categories?post=3844"},{"taxonomy":"post_tag","embeddable":true,"href":"https:\/\/politicapatagonica.com\/index.php\/wp-json\/wp\/v2\/tags?post=3844"}],"curies":[{"name":"wp","href":"https:\/\/api.w.org\/{rel}","templated":true}]}}