{"id":3841,"date":"2024-04-19T20:33:59","date_gmt":"2024-04-19T20:33:59","guid":{"rendered":"https:\/\/politicapatagonica.com\/?p=3841"},"modified":"2024-04-22T10:22:13","modified_gmt":"2024-04-22T10:22:13","slug":"figueroa-se-refirio-al-uso-de-inteligencia-artificial-en-la-seleccion-de-jueces","status":"publish","type":"post","link":"https:\/\/politicapatagonica.com\/index.php\/2024\/04\/19\/figueroa-se-refirio-al-uso-de-inteligencia-artificial-en-la-seleccion-de-jueces\/","title":{"rendered":"El gobernador de Neuqu\u00e9n y su mirada sobre el uso de la Inteligencia Artificial en la selecci\u00f3n de jueces"},"content":{"rendered":"\n<p><strong>El gobernador Rolando Figueroa particip\u00f3 en la apertura de las XXXV Jornadas Nacionales del Foro federal de Consejos de la magistratura y Jurados de Enjuiciamiento de la Rep\u00fablica Argentina (Fofecma),<\/strong> que se desarrollaron en la Legislatura neuquina con representantes de diferentes \u00f3rganos de la Justicia de todo el pa\u00eds.<\/p>\n\n\n\n<p>El acto de apertura estuvo a cargo del presidente de <strong>Fofecma, Marcelo D\u00b4Agostino.<\/strong> El primer m\u00f3dulo fue sobre el \u201cUso de la inteligencia artificial en el proceso de selecci\u00f3n de magistrados\u201d y el gobernador expuso su postura.<\/p>\n\n\n\n<p><strong>\u201cEs muy importante que nosotros utilicemos la inteligencia artificial como una herramienta complementaria en la toma de decisiones, pero siempre con el control humano\u201d, <\/strong>sostuvo Figueroa. Y agreg\u00f3: \u201cLa inteligencia artificial vino para quedarse y hay que tener muy en claro de qu\u00e9 manera la vamos a utilizar, sobre todo en la Justicia; creemos que es una muy buena herramienta, pero el juez por algo es juez, y no nos tenemos que olvidar de eso\u201d.<\/p>\n\n\n\n<p><strong>En las jornadas se abordaron tem\u00e1ticas de inter\u00e9s para los Consejos de la Magistratura y Jurados de Enjuiciamiento del pa\u00eds, incluido el impacto de la inteligencia artificial en el perfil del juez y los procesos de selecci\u00f3n.<\/strong><\/p>\n\n\n\n<p>El gobernador tambi\u00e9n se refiri\u00f3 al proceso de regionalizaci\u00f3n de la provincia&nbsp; y dijo: \u201cTenemos que tener en cuenta las circunscripciones judiciales\u201d para armonizar y facilitarles la vida a los vecinos. Y, del mismo modo,<strong> hizo hincapi\u00e9 en la necesidad propender al equilibrio federal en la integraci\u00f3n de los m\u00e1ximos tribunales <\/strong>(tanto el de Naci\u00f3n como el de la Provincia).<\/p>\n\n\n\n<p>\u201cSer\u00eda bueno que se tenga posibilidad desde diferentes lugares del pa\u00eds de poder integrar la Corte Suprema de Justicia de la Naci\u00f3n\u201d, dijo Figueroa y agreg\u00f3: \u201cEn particular con una mirada patag\u00f3nica\u201d. Mientras que respecto de la provincia se\u00f1al\u00f3: <strong>\u201cCreo que en la provincia del Neuqu\u00e9n tambi\u00e9n tenemos que comenzar a transitar ese camino\u201d.<\/strong><\/p>\n\n\n\n<p><strong>Entre los disertantes se encontraban el Fiscal General Adjunto de CABA y director del Laboratorio de Inteligencia Artificial de la UBA, Juan Corval\u00e1n; y el presidente del Colegio de Abogados de Neuqu\u00e9n, Marcelo I\u00f1\u00edguez. Entre los presentes tambi\u00e9n estuvo la presidenta del Tribunal Superior de Justicia de la Provincia del Neuqu\u00e9n, Soledad Gennari.<\/strong><\/p>\n\n\n\n<p><strong>Fuente: diarioneuquen.com.ar<\/strong><\/p>\n","protected":false},"excerpt":{"rendered":"<p>El gobernador Rolando Figueroa particip\u00f3 en la apertura de las XXXV Jornadas Nacionales del Foro federal de Consejos de la magistratura y Jurados de Enjuiciamiento de la Rep\u00fablica Argentina (Fofecma), que se desarrollaron en la Legislatura neuquina con representantes de diferentes \u00f3rganos de la Justicia de todo el pa\u00eds. El acto de apertura estuvo a [&hellip;]<\/p>\n","protected":false},"author":5,"featured_media":3842,"comment_status":"open","ping_status":"open","sticky":false,"template":"","format":"standard","meta":[],"categories":[9],"tags":[],"_links":{"self":[{"href":"https:\/\/politicapatagonica.com\/index.php\/wp-json\/wp\/v2\/posts\/3841"}],"collection":[{"href":"https:\/\/politicapatagonica.com\/index.php\/wp-json\/wp\/v2\/posts"}],"about":[{"href":"https:\/\/politicapatagonica.com\/index.php\/wp-json\/wp\/v2\/types\/post"}],"author":[{"embeddable":true,"href":"https:\/\/politicapatagonica.com\/index.php\/wp-json\/wp\/v2\/users\/5"}],"replies":[{"embeddable":true,"href":"https:\/\/politicapatagonica.com\/index.php\/wp-json\/wp\/v2\/comments?post=3841"}],"version-history":[{"count":3,"href":"https:\/\/politicapatagonica.com\/index.php\/wp-json\/wp\/v2\/posts\/3841\/revisions"}],"predecessor-version":[{"id":3852,"href":"https:\/\/politicapatagonica.com\/index.php\/wp-json\/wp\/v2\/posts\/3841\/revisions\/3852"}],"wp:featuredmedia":[{"embeddable":true,"href":"https:\/\/politicapatagonica.com\/index.php\/wp-json\/wp\/v2\/media\/3842"}],"wp:attachment":[{"href":"https:\/\/politicapatagonica.com\/index.php\/wp-json\/wp\/v2\/media?parent=3841"}],"wp:term":[{"taxonomy":"category","embeddable":true,"href":"https:\/\/politicapatagonica.com\/index.php\/wp-json\/wp\/v2\/categories?post=3841"},{"taxonomy":"post_tag","embeddable":true,"href":"https:\/\/politicapatagonica.com\/index.php\/wp-json\/wp\/v2\/tags?post=3841"}],"curies":[{"name":"wp","href":"https:\/\/api.w.org\/{rel}","templated":true}]}}