{"id":3837,"date":"2024-04-18T21:56:24","date_gmt":"2024-04-18T21:56:24","guid":{"rendered":"https:\/\/politicapatagonica.com\/?p=3837"},"modified":"2024-04-18T21:56:25","modified_gmt":"2024-04-18T21:56:25","slug":"javier-milei-llega-a-bariloche-que-es-el-foro-llao-llao","status":"publish","type":"post","link":"https:\/\/politicapatagonica.com\/index.php\/2024\/04\/18\/javier-milei-llega-a-bariloche-que-es-el-foro-llao-llao\/","title":{"rendered":"Javier Milei llega a Bariloche: qu\u00e9 es el &#8220;Foro Llao Llao&#8221;"},"content":{"rendered":"\n<p>Este jueves, el Presidente de la Naci\u00f3n, <strong>Javier Milei, llegar\u00e1 a Bariloche para participar en el almuerzo de clausura del\u00a0foro Llao Llao\u00a0el viernes al mediod\u00eda, un encuentro que re\u00fane a los empresarios m\u00e1s influyentes del pa\u00eds.<\/strong><\/p>\n\n\n\n<p>El ciclo de charlas empresariales fue inaugurado el mi\u00e9rcoles por la noche por\u00a0<strong>Luis Lacalle Pou<\/strong>\u00a0ante el auditorio, mientras que <strong>hoy ser\u00e1 el turno de Santiago Pe\u00f1a, mandatario de Paraguay.<\/strong><\/p>\n\n\n\n<p><strong>El Ministerio de Seguridad dise\u00f1\u00f3 un operativo para evitar cortes de calles y rutas en la localidad, tras el anuncio de agrupaciones sindicales de tomar medidas de fuerza para protestar por la visita del mandatario nacional.<\/strong><\/p>\n\n\n\n<p><strong>Milei llegar\u00e1 a Bariloche en el avi\u00f3n presidencial<\/strong> y se trasladar\u00e1 en helic\u00f3ptero hasta el hotel emblem\u00e1tico, que ya est\u00e1 bajo una fuerte custodia proporcionada por distintas fuerzas de seguridad.<\/p>\n\n\n\n<p><strong>Rodolfo Aguiar, secretario general de ATE, anunci\u00f3 que su agrupaci\u00f3n cortar\u00e1 calles y rutas. La respuesta de Bullrich fue activar el protocolo antipiquetes en la ciudad cordillerana<\/strong>, que podr\u00eda implementarse por primera vez. Para ello, m\u00e1s de 10 veh\u00edculos de Gendarmer\u00eda Nacional con personal y equipos de otras localidades han llegado a Bariloche para reforzar la seguridad durante la visita presidencial.<\/p>\n\n\n\n<h2>Qu\u00e9 es el Foro Llao Llao<\/h2>\n\n\n\n<p><strong>El evento toma el nombre de un distinguido hotel en San Carlos de Bariloche, ubicado en la provincia de R\u00edo Negro, propiedad de los empresarios Eduardo Elsztain (Grupo IRSA) y David Sutton (Grupo Alvear).<\/strong><\/p>\n\n\n\n<p>Entre los 120 asistentes confirmados para esta edici\u00f3n se destacan personalidades como Galper\u00edn (Mercado Libre), Mart\u00edn Migoya y Guibert Englebienne (Globant), Mat\u00edas Woloski (Auth0), Gast\u00f3n Taratuta (Grupo Aleph), Carlos y Antonia Miguens (San Miguel), Andrea Pagani (Arcor), Ver\u00f3nica Andreani (Andreani), Alberto Arizu (Luigi Bosca), Sebasti\u00e1n de Montalembert (Grupo Pe\u00f1aflor), Roberto Murchison, Emiliano Kargieman (Satellogic) y M\u00e1ximo Cavazzani (Etermax).<\/p>\n\n\n\n<p><strong>La agenda de este a\u00f1o se mantuvo en secreto hasta el \u00faltimo momento. Ni siquiera los invitados estaban al tanto de qui\u00e9nes ser\u00edan los expositores hasta la noche del martes. La organizaci\u00f3n del evento evit\u00f3 dejar rastros escritos y se comunic\u00f3 con todos por tel\u00e9fono.<\/strong><\/p>\n\n\n\n<p>&#8220;Como es tradici\u00f3n, la organizaci\u00f3n convoca a reuniones de todos los participantes bajo la regla de Chatham House, para fomentar conversaciones enriquecedoras&#8221;, se\u00f1alaron en el foro.<\/p>\n\n\n\n<p><strong>Origen del exclusivo foro<\/strong><\/p>\n\n\n\n<p><strong>El foro Llao Llao surgi\u00f3 en 2012<\/strong>\u00a0bajo otro nombre. Despu\u00e9s de que las cenizas del Volc\u00e1n Puyehue afectaran la zona, Elsztain propuso a un grupo de emprendedores de Endeavor Argentina un encuentro en el hotel para celebrar su reapertura. <strong>El objetivo era entablar conversaciones fuera del entorno habitual y encontrar puntos en com\u00fan entre el empresariado, la pol\u00edtica y la sociedad. En 2016, pas\u00f3 a llamarse formalmente Foro Llao Llao.<\/strong><\/p>\n\n\n\n<p>Desde entonces, <strong>se han llevado a cabo seis ediciones<\/strong>, con la participaci\u00f3n promedio de entre 70 y 100 empresarios en cada una. La mayor\u00eda de los l\u00edderes empresariales son los mismos en cada edici\u00f3n, ya que se invita a quienes forman parte del directorio de Endeavor y a los integrantes de la asociaci\u00f3n Generaci\u00f3n por una Argentina Mejor (GAM), un grupo de empresas familiares. El evento se financia mediante contribuciones voluntarias de los miembros.<\/p>\n\n\n\n<p>E<strong>l foro suele extenderse durante tres d\u00edas y se invita a representantes de diversos \u00e1mbitos sociales, pol\u00edticos, sindicales y cient\u00edficos de Argentina, sin importar su orientaci\u00f3n pol\u00edtica o ideol\u00f3gica<\/strong>, seg\u00fan afirmaron desde la organizaci\u00f3n. &#8220;El objetivo fundamental es reflexionar sobre c\u00f3mo contribuir a la construcci\u00f3n de un pa\u00eds mejor, por eso creamos este espacio para dialogar&#8221;, agregaron.<\/p>\n\n\n\n<p>Las exposiciones de los oradores seguir\u00e1n siendo exclusivas para los invitados al foro durante los almuerzos y cenas, seg\u00fan lo solicitado por algunos empresarios. <strong>Otros ven el foro como un posible equivalente al evento de Davos, aunque la mayor\u00eda de los participantes son empresarios de compa\u00f1\u00edas tecnol\u00f3gicas, m\u00e1s familiarizados con Silicon Valley que con Ginebra.<\/strong><\/p>\n\n\n\n<p><strong>Fuente: www.lmneuquen.com<\/strong><\/p>\n","protected":false},"excerpt":{"rendered":"<p>Este jueves, el Presidente de la Naci\u00f3n, Javier Milei, llegar\u00e1 a Bariloche para participar en el almuerzo de clausura del\u00a0foro Llao Llao\u00a0el viernes al mediod\u00eda, un encuentro que re\u00fane a los empresarios m\u00e1s influyentes del pa\u00eds. El ciclo de charlas empresariales fue inaugurado el mi\u00e9rcoles por la noche por\u00a0Luis Lacalle Pou\u00a0ante el auditorio, mientras que [&hellip;]<\/p>\n","protected":false},"author":5,"featured_media":3838,"comment_status":"open","ping_status":"open","sticky":false,"template":"","format":"standard","meta":[],"categories":[13],"tags":[],"_links":{"self":[{"href":"https:\/\/politicapatagonica.com\/index.php\/wp-json\/wp\/v2\/posts\/3837"}],"collection":[{"href":"https:\/\/politicapatagonica.com\/index.php\/wp-json\/wp\/v2\/posts"}],"about":[{"href":"https:\/\/politicapatagonica.com\/index.php\/wp-json\/wp\/v2\/types\/post"}],"author":[{"embeddable":true,"href":"https:\/\/politicapatagonica.com\/index.php\/wp-json\/wp\/v2\/users\/5"}],"replies":[{"embeddable":true,"href":"https:\/\/politicapatagonica.com\/index.php\/wp-json\/wp\/v2\/comments?post=3837"}],"version-history":[{"count":1,"href":"https:\/\/politicapatagonica.com\/index.php\/wp-json\/wp\/v2\/posts\/3837\/revisions"}],"predecessor-version":[{"id":3839,"href":"https:\/\/politicapatagonica.com\/index.php\/wp-json\/wp\/v2\/posts\/3837\/revisions\/3839"}],"wp:featuredmedia":[{"embeddable":true,"href":"https:\/\/politicapatagonica.com\/index.php\/wp-json\/wp\/v2\/media\/3838"}],"wp:attachment":[{"href":"https:\/\/politicapatagonica.com\/index.php\/wp-json\/wp\/v2\/media?parent=3837"}],"wp:term":[{"taxonomy":"category","embeddable":true,"href":"https:\/\/politicapatagonica.com\/index.php\/wp-json\/wp\/v2\/categories?post=3837"},{"taxonomy":"post_tag","embeddable":true,"href":"https:\/\/politicapatagonica.com\/index.php\/wp-json\/wp\/v2\/tags?post=3837"}],"curies":[{"name":"wp","href":"https:\/\/api.w.org\/{rel}","templated":true}]}}