{"id":3834,"date":"2024-04-18T20:07:30","date_gmt":"2024-04-18T20:07:30","guid":{"rendered":"https:\/\/politicapatagonica.com\/?p=3834"},"modified":"2024-04-22T10:25:49","modified_gmt":"2024-04-22T10:25:49","slug":"el-gobierno-analiza-presentar-una-ley-de-emergencia-administrativa-general-en-la-legislatura","status":"publish","type":"post","link":"https:\/\/politicapatagonica.com\/index.php\/2024\/04\/18\/el-gobierno-analiza-presentar-una-ley-de-emergencia-administrativa-general-en-la-legislatura\/","title":{"rendered":"Santa Cruz analiza presentar una Ley de Emergencia Administrativa General en la Legislatura"},"content":{"rendered":"\n<p>Este jueves, se realiz\u00f3 una reuni\u00f3n ampliada del gabinete del\u00a0<strong>Gobierno de Santa Cruz<\/strong>\u00a0para analizar la presentaci\u00f3n de un proyecto de ley de Emergencia Administrativa General. Seg\u00fan revel\u00f3 el ministro de Gobierno,\u00a0<strong>Pedro Luxen<\/strong>, \u201cla situaci\u00f3n es dram\u00e1tica y general, necesitamos agilizar los mecanismos del Estado\u201d.s<\/p>\n\n\n\n<p>Las prioridades para el gobierno son&nbsp;<strong>salud, educaci\u00f3n, alimentos, tarifas e infraestructura<\/strong>.<\/p>\n\n\n\n<p>El proyecto de ley de emergencia administrativa general no se reducir\u00eda s\u00f3lo al \u00e1rea de<strong>&nbsp;econom\u00eda<\/strong>, sino que tendr\u00eda el objetivo puesto en la resoluci\u00f3n de urgencias en las \u00e1reas de infraestructura, salud y educaci\u00f3n, alimentaria y energ\u00e9tica.<\/p>\n\n\n\n<p>\u201cEsta no es una decisi\u00f3n absolutista ni pretende ser unitaria, por el contrario, tiene que ser fruto del consenso y la decisi\u00f3n colectiva, en un debate profundo de todo el Estado y de las representaciones pol\u00edticas de la Legislatura. La emergencia no tocar\u00e1 ni afectar\u00e1 de ning\u00fan modo, los salarios de los trabajadores ni los acuerdos de las paritarias\u201d, expres\u00f3 el ministro de Gobierno, Pedro Luxen.<\/p>\n\n\n\n<p>La situaci\u00f3n derivada por la ca\u00edda de mamposter\u00eda de la&nbsp;<strong>Escuela 44<\/strong>&nbsp;llev\u00f3 al gobierno a profundizar las medidas en materia edilicia, ya que, seg\u00fan Luxen \u201cvamos camino a una emergencia edilicia en todos los establecimientos educativos de la provincia. El grado de abandono y falta de mantenimiento en todas las escuelas realmente es preocupante\u201d.<\/p>\n\n\n\n<p>El funcionario, en ese sentido, adelant\u00f3 que habr\u00e1 que \u201creforzar la copa de leche en todos los colegios, el Estado debe estar presente, trabajar y analizar una emergencia porque nos preocupa el estado de los hospitales, la compra de medicamentos. Necesitamos agilizar los mecanismos del Estado\u201d.<\/p>\n\n\n\n<p>Adem\u00e1s, el titular de la cartera de gobierno, destac\u00f3 que \u201ctambi\u00e9n vamos camino a una emergencia alimentaria y energ\u00e9tica\u201d. En este \u00faltimo sentido, especific\u00f3 que \u201cdebemos pedirle al&nbsp;<strong>Gobierno Nacional<\/strong>&nbsp;el congelamiento de las tarifas\u201d, a prop\u00f3sito del reciente aumento decretado por la administraci\u00f3n nacional.<\/p>\n\n\n\n<p>\u201cEstamos analizando y conversando con<strong>&nbsp;todos los bloques de la Legislatura<\/strong>, es necesario que la C\u00e1mara de Diputados, frente a esta necesidad que tiene el gobierno de ser m\u00e1s \u00e1gil en sus responsabilidades que afectan directamente a la gente que menos tiene, cree una comisi\u00f3n de seguimiento para cada acto administrativo que se de en el marco de esta emergencia, una vez que se haya sancionado. Queremos que se sancione en un \u00e1mbito de consenso generalizado. Siempre con el eje puesto en el cuidado de la gente\u201d, finaliz\u00f3.<\/p>\n\n\n\n<p><strong>Fuente: www.laopinionaustral.com.ar<\/strong><\/p>\n","protected":false},"excerpt":{"rendered":"<p>Este jueves, se realiz\u00f3 una reuni\u00f3n ampliada del gabinete del\u00a0Gobierno de Santa Cruz\u00a0para analizar la presentaci\u00f3n de un proyecto de ley de Emergencia Administrativa General. Seg\u00fan revel\u00f3 el ministro de Gobierno,\u00a0Pedro Luxen, \u201cla situaci\u00f3n es dram\u00e1tica y general, necesitamos agilizar los mecanismos del Estado\u201d.s Las prioridades para el gobierno son&nbsp;salud, educaci\u00f3n, alimentos, tarifas e infraestructura. [&hellip;]<\/p>\n","protected":false},"author":5,"featured_media":3835,"comment_status":"open","ping_status":"open","sticky":false,"template":"","format":"standard","meta":[],"categories":[8],"tags":[],"_links":{"self":[{"href":"https:\/\/politicapatagonica.com\/index.php\/wp-json\/wp\/v2\/posts\/3834"}],"collection":[{"href":"https:\/\/politicapatagonica.com\/index.php\/wp-json\/wp\/v2\/posts"}],"about":[{"href":"https:\/\/politicapatagonica.com\/index.php\/wp-json\/wp\/v2\/types\/post"}],"author":[{"embeddable":true,"href":"https:\/\/politicapatagonica.com\/index.php\/wp-json\/wp\/v2\/users\/5"}],"replies":[{"embeddable":true,"href":"https:\/\/politicapatagonica.com\/index.php\/wp-json\/wp\/v2\/comments?post=3834"}],"version-history":[{"count":3,"href":"https:\/\/politicapatagonica.com\/index.php\/wp-json\/wp\/v2\/posts\/3834\/revisions"}],"predecessor-version":[{"id":3855,"href":"https:\/\/politicapatagonica.com\/index.php\/wp-json\/wp\/v2\/posts\/3834\/revisions\/3855"}],"wp:featuredmedia":[{"embeddable":true,"href":"https:\/\/politicapatagonica.com\/index.php\/wp-json\/wp\/v2\/media\/3835"}],"wp:attachment":[{"href":"https:\/\/politicapatagonica.com\/index.php\/wp-json\/wp\/v2\/media?parent=3834"}],"wp:term":[{"taxonomy":"category","embeddable":true,"href":"https:\/\/politicapatagonica.com\/index.php\/wp-json\/wp\/v2\/categories?post=3834"},{"taxonomy":"post_tag","embeddable":true,"href":"https:\/\/politicapatagonica.com\/index.php\/wp-json\/wp\/v2\/tags?post=3834"}],"curies":[{"name":"wp","href":"https:\/\/api.w.org\/{rel}","templated":true}]}}