{"id":3831,"date":"2024-04-17T20:35:08","date_gmt":"2024-04-17T20:35:08","guid":{"rendered":"https:\/\/politicapatagonica.com\/?p=3831"},"modified":"2024-04-17T20:35:10","modified_gmt":"2024-04-17T20:35:10","slug":"diputados-expresa-su-preocupacion-por-el-presupuesto-universitario","status":"publish","type":"post","link":"https:\/\/politicapatagonica.com\/index.php\/2024\/04\/17\/diputados-expresa-su-preocupacion-por-el-presupuesto-universitario\/","title":{"rendered":"Diputados expresa su &#8220;preocupaci\u00f3n&#8221; por el presupuesto universitario"},"content":{"rendered":"\n<p><strong>Con la presidencia de la diputada Liliana Robledo<\/strong> se celebr\u00f3 hoy la primera reuni\u00f3n de la comisi\u00f3n de legislaci\u00f3n general, cultura y educaci\u00f3n y asuntos municipales de esta C\u00e1mara en la quienes la integran emitieron despacho aconsejando <strong>la aprobaci\u00f3n de una veintena de proyectos de resoluci\u00f3n que declarar\u00e1n de inter\u00e9s legislativo a otras tantas actividades y situaciones dignas de ser as\u00ed reconocidas.<\/strong><\/p>\n\n\n\n<p><strong>Los legisladores analizaron el proyecto por el que expresan preocupaci\u00f3n por la situaci\u00f3n presupuestaria del Sistema Universitario y en particular por la situaci\u00f3n de la Universidad Nacional de La Pampa, iniciativa que pertenece a la diputada Ana Giussi.<\/strong><\/p>\n\n\n\n<p><strong>El diputado Javier Torroba (UCR JxC)<\/strong> manifest\u00f3 que es &#8220;claramente preocupante la situaci\u00f3n y es por eso que hemos estado acompa\u00f1ando y lo seguiremos haciendo a cada una de las manifestaciones de la comunidad educativa, considerando un derecho de las y los ciudadanos a la educaci\u00f3n libre y gratuita&#8221;.<\/p>\n\n\n\n<p>&#8220;Lo m\u00e1s preocupante de todo \u2013<strong>dijo Torroba- es la suerte que correr\u00e1n los gastos de funcionamiento de la Universidad porque, si bien la p\u00e9rdida de poder adquisitivo de los salarios es angustiante, eso tiene un lugar de discusi\u00f3n que son las paritarias, pero los gastos que demande el funcionamiento de la Casa de Estudios est\u00e1n presupuestados y no con un presupuesto nuevo<\/strong>, sino que por decisi\u00f3n presidencial deber\u00e1n solventarse con el presupuesto del a\u00f1o pasado y sin que se tenga en cuenta que <strong>hubo un 270% de inflaci\u00f3n en el \u00faltimo a\u00f1o&#8221;.<\/strong><\/p>\n\n\n\n<p>&#8220;Est\u00e1 muy claro que la preocupaci\u00f3n es compartida&#8221;, intervino diciendo<strong> la diputada Silvia Larreta que acot\u00f3 &#8220;por eso ser\u00eda muy interesante que insistamos con esta postura ante los legisladores nacionales que cada sector con representaci\u00f3n en el Congreso tiene, para que impulsen iniciativas tendientes a modificar esta situaci\u00f3n&#8221;.<\/strong><\/p>\n\n\n\n<p>El proyecto de resoluci\u00f3n aconsejando su aprobaci\u00f3n, no obstante, no sali\u00f3 por unanimidad, ya que los legisladores de Comunidad Organizada decidieron fijar postura en el recinto,<strong> &#8220;porque no hemos accedido al proyecto y debemos conocerlo en detalle, antes de emitir o acompa\u00f1ar un dictamen&#8221;, dijo la diputada Sandra Fonseca.<\/strong><\/p>\n\n\n\n<p>Los legisladores de esta comisi\u00f3n resolvieron convocar a las autoridades universitarias a una reuni\u00f3n de la misma, para dar a conocer mayores detalles de la situaci\u00f3n que atraviesa la <strong>UNLpam.<\/strong><\/p>\n\n\n\n<p>Placas homenaje a Rub\u00e9n Mar\u00edn&nbsp;<\/p>\n\n\n\n<p><strong>Por otro lado, un par de proyectos de resoluci\u00f3n que cont\u00f3 con despacho un\u00e1nime fue el que present\u00f3 la legisladora Marcela P\u00e1ez y que refieren a sendos homenajes al ex gobernador Rub\u00e9n Mar\u00edn<\/strong>. Uno de ellos para que se rinda en esta Legislatura y otro para que se d\u00e9 en el \u00e1mbito del Poder Ejecutivo. Los dos disponen la colocaci\u00f3n de una placa de reconocimiento tanto en Casa de Gobierno como en la C\u00e1mara de Diputados. &#8220;Ser\u00e1n reconocimientos que todo el pueblo de La Pampa siente que es necesario rendirle a <strong>quien fuera 4 veces gobernador de La Pampa, donde pr\u00e1cticamente toda la infraestructura de La Pampa se edific\u00f3 durante esas gestiones&#8221;<\/strong>, dijo P\u00e1ez.<\/p>\n\n\n\n<p><strong>Fuente: www.eldiariodelapampa.com.ar<\/strong><\/p>\n","protected":false},"excerpt":{"rendered":"<p>Con la presidencia de la diputada Liliana Robledo se celebr\u00f3 hoy la primera reuni\u00f3n de la comisi\u00f3n de legislaci\u00f3n general, cultura y educaci\u00f3n y asuntos municipales de esta C\u00e1mara en la quienes la integran emitieron despacho aconsejando la aprobaci\u00f3n de una veintena de proyectos de resoluci\u00f3n que declarar\u00e1n de inter\u00e9s legislativo a otras tantas actividades [&hellip;]<\/p>\n","protected":false},"author":5,"featured_media":3832,"comment_status":"open","ping_status":"open","sticky":false,"template":"","format":"standard","meta":[],"categories":[10],"tags":[],"_links":{"self":[{"href":"https:\/\/politicapatagonica.com\/index.php\/wp-json\/wp\/v2\/posts\/3831"}],"collection":[{"href":"https:\/\/politicapatagonica.com\/index.php\/wp-json\/wp\/v2\/posts"}],"about":[{"href":"https:\/\/politicapatagonica.com\/index.php\/wp-json\/wp\/v2\/types\/post"}],"author":[{"embeddable":true,"href":"https:\/\/politicapatagonica.com\/index.php\/wp-json\/wp\/v2\/users\/5"}],"replies":[{"embeddable":true,"href":"https:\/\/politicapatagonica.com\/index.php\/wp-json\/wp\/v2\/comments?post=3831"}],"version-history":[{"count":1,"href":"https:\/\/politicapatagonica.com\/index.php\/wp-json\/wp\/v2\/posts\/3831\/revisions"}],"predecessor-version":[{"id":3833,"href":"https:\/\/politicapatagonica.com\/index.php\/wp-json\/wp\/v2\/posts\/3831\/revisions\/3833"}],"wp:featuredmedia":[{"embeddable":true,"href":"https:\/\/politicapatagonica.com\/index.php\/wp-json\/wp\/v2\/media\/3832"}],"wp:attachment":[{"href":"https:\/\/politicapatagonica.com\/index.php\/wp-json\/wp\/v2\/media?parent=3831"}],"wp:term":[{"taxonomy":"category","embeddable":true,"href":"https:\/\/politicapatagonica.com\/index.php\/wp-json\/wp\/v2\/categories?post=3831"},{"taxonomy":"post_tag","embeddable":true,"href":"https:\/\/politicapatagonica.com\/index.php\/wp-json\/wp\/v2\/tags?post=3831"}],"curies":[{"name":"wp","href":"https:\/\/api.w.org\/{rel}","templated":true}]}}