{"id":3826,"date":"2024-04-16T20:41:09","date_gmt":"2024-04-16T20:41:09","guid":{"rendered":"https:\/\/politicapatagonica.com\/?p=3826"},"modified":"2024-04-17T17:35:04","modified_gmt":"2024-04-17T17:35:04","slug":"por-una-amenaza-de-bomba-bajaron-de-un-avion-al-gobernador-de-chubut-ignacio-torres","status":"publish","type":"post","link":"https:\/\/politicapatagonica.com\/index.php\/2024\/04\/16\/por-una-amenaza-de-bomba-bajaron-de-un-avion-al-gobernador-de-chubut-ignacio-torres\/","title":{"rendered":"Por una amenaza de bomba, bajaron de un avi\u00f3n al gobernador de Chubut Ignacio Torres"},"content":{"rendered":"\n<p>El gobernador de Chubut,&nbsp;<strong>Ignacio Torres<\/strong>, fue bajado de un avi\u00f3n este martes debido a una&nbsp;<strong>amenaza de bomba<\/strong>.<\/p>\n\n\n\n<p>El mandatario provincial estaba <strong>embarcando en la ciudad de Trelew,<\/strong> cuando la Polic\u00eda de Seguridad Aeroportuaria encontr\u00f3 un bulto sospechoso.<\/p>\n\n\n\n<p>El vuelo sal\u00eda del Aeropuerto Internacional Almirante A. Zar de Trelew<strong> rumbo a Buenos Aires<\/strong>, cuando se activ\u00f3 el protocolo de evacuaci\u00f3n en el momento en que los pasajeros estaban embarcando.<\/p>\n\n\n\n<p><strong>El personal de PSA encontr\u00f3 una mochila <\/strong>en el sector de la confiter\u00eda del aeropuerto con un celular que son\u00f3 y que ninguno de los pasajeros reclam\u00f3 como propio, por lo que se procedi\u00f3 a resguardar a los pasajeros, entre los que se encontraba el gobernador chubutense, junto con el resto de las personas que se encontraban en el lugar.<\/p>\n\n\n\n<p><strong>Torres minimiz\u00f3 el episodio y se\u00f1al\u00f3 que se trat\u00f3 de &#8220;una casualidad&#8221;.<\/strong><\/p>\n\n\n\n<p>Tras encontrar el paquete, la Divisi\u00f3n Explosivos deton\u00f3 la mochila seg\u00fan lo establecido en el protocolo por la aparici\u00f3n de elementos sospechosos.<\/p>\n\n\n\n<p>El hecho se produjo poco despu\u00e9s del anuncio de que el presidente Javier Milei dejar\u00e1 de volar en aviones de l\u00ednea por cuestiones de seguridad. Desde el entorno del gobernador Torres, indicaron que no tiene previsto modificar sus rutinas a partir de este episodio.<\/p>\n\n\n\n<p>El s\u00e1bado,<strong> tras el ataque de Ir\u00e1n a Israel, el Gobierno elev\u00f3 a naranja el nivel de alerta de seguridad en todo el pa\u00eds<\/strong>. El lunes, sin embargo, el ministerio de Seguridad lo baj\u00f3 a &#8220;moderado&#8221; en gran parte del pa\u00eds, pero mantuvo en nivel &#8220;alto&#8221; la frontera norte.<\/p>\n\n\n\n<h2>Una mochila sospechosa y alarma en Mendoza<\/h2>\n\n\n\n<p>Este martes se vivi\u00f3 un episodio similar en el aeropuerto El Plumerillo, en Mendoza. Ocurri\u00f3 cuando un bulto sospechoso activ\u00f3 el protocolo de seguridad y hubo que evacuar el sector.<\/p>\n\n\n\n<p>La mochila apareci\u00f3 abandonada en la sala principal de la terminal a\u00e9rea internacional. All\u00ed se dirigi\u00f3 el personal de seguridad, que despej\u00f3 esa sala.<\/p>\n\n\n\n<p><strong>Al final, confirmaron fue una falsa alarma: se trat\u00f3 de una mochila olvidada por un pasajero. No hubo vuelos afectados<\/strong>.<\/p>\n\n\n\n<p><strong>Fuente: www.clarin.com<\/strong><\/p>\n","protected":false},"excerpt":{"rendered":"<p>El gobernador de Chubut,&nbsp;Ignacio Torres, fue bajado de un avi\u00f3n este martes debido a una&nbsp;amenaza de bomba. El mandatario provincial estaba embarcando en la ciudad de Trelew, cuando la Polic\u00eda de Seguridad Aeroportuaria encontr\u00f3 un bulto sospechoso. El vuelo sal\u00eda del Aeropuerto Internacional Almirante A. Zar de Trelew rumbo a Buenos Aires, cuando se activ\u00f3 [&hellip;]<\/p>\n","protected":false},"author":5,"featured_media":3827,"comment_status":"open","ping_status":"open","sticky":false,"template":"","format":"standard","meta":[],"categories":[14],"tags":[],"_links":{"self":[{"href":"https:\/\/politicapatagonica.com\/index.php\/wp-json\/wp\/v2\/posts\/3826"}],"collection":[{"href":"https:\/\/politicapatagonica.com\/index.php\/wp-json\/wp\/v2\/posts"}],"about":[{"href":"https:\/\/politicapatagonica.com\/index.php\/wp-json\/wp\/v2\/types\/post"}],"author":[{"embeddable":true,"href":"https:\/\/politicapatagonica.com\/index.php\/wp-json\/wp\/v2\/users\/5"}],"replies":[{"embeddable":true,"href":"https:\/\/politicapatagonica.com\/index.php\/wp-json\/wp\/v2\/comments?post=3826"}],"version-history":[{"count":1,"href":"https:\/\/politicapatagonica.com\/index.php\/wp-json\/wp\/v2\/posts\/3826\/revisions"}],"predecessor-version":[{"id":3828,"href":"https:\/\/politicapatagonica.com\/index.php\/wp-json\/wp\/v2\/posts\/3826\/revisions\/3828"}],"wp:featuredmedia":[{"embeddable":true,"href":"https:\/\/politicapatagonica.com\/index.php\/wp-json\/wp\/v2\/media\/3827"}],"wp:attachment":[{"href":"https:\/\/politicapatagonica.com\/index.php\/wp-json\/wp\/v2\/media?parent=3826"}],"wp:term":[{"taxonomy":"category","embeddable":true,"href":"https:\/\/politicapatagonica.com\/index.php\/wp-json\/wp\/v2\/categories?post=3826"},{"taxonomy":"post_tag","embeddable":true,"href":"https:\/\/politicapatagonica.com\/index.php\/wp-json\/wp\/v2\/tags?post=3826"}],"curies":[{"name":"wp","href":"https:\/\/api.w.org\/{rel}","templated":true}]}}