{"id":3823,"date":"2024-04-16T19:47:44","date_gmt":"2024-04-16T19:47:44","guid":{"rendered":"https:\/\/politicapatagonica.com\/?p=3823"},"modified":"2024-04-17T17:31:25","modified_gmt":"2024-04-17T17:31:25","slug":"paritarias-en-rio-negro-ate-rechazo-la-oferta-salarial-y-anticipo-medidas-de-fuerza-si-no-hay-una-mejora","status":"publish","type":"post","link":"https:\/\/politicapatagonica.com\/index.php\/2024\/04\/16\/paritarias-en-rio-negro-ate-rechazo-la-oferta-salarial-y-anticipo-medidas-de-fuerza-si-no-hay-una-mejora\/","title":{"rendered":"Paritarias en R\u00edo Negro: ATE rechaz\u00f3 la oferta salarial y anticip\u00f3 medidas de fuerza si no hay una mejora"},"content":{"rendered":"\n<p>La Asociaci\u00f3n Trabajadores del Estado (ATE)&nbsp;<strong>rechaz\u00f3 este martes la \u00faltima oferta salarial del gobierno rionegrino<\/strong>&nbsp;durante su 25\u00b0 Congreso Ordinario y 27\u00b0 Congreso Extraordinario en Viedma. El sindicato advirti\u00f3 que si este mi\u00e9rcoles no recibe una mejora en paritaria,&nbsp;<strong>definir\u00e1 medidas de protesta. Tambi\u00e9n definieron medidas ante la visita de Milei a Bariloche.<\/strong><\/p>\n\n\n\n<p><strong>El Gobierno de R\u00edo Negro ofreci\u00f3 la semana pasada una suma fija en el salario de abril, entre 50.000 y 70.000 pesos,<\/strong>&nbsp;para todo el personal estatal en el marco de la reuni\u00f3n de la Mesa de la Funci\u00f3n P\u00fablica.<\/p>\n\n\n\n<p>Esa propuesta salarial fue rechazada hoy y adelant\u00f3 que si este mi\u00e9rcoles no recibe una mejora en paritaria&nbsp;<strong>definir\u00e1 medidas de protesta.<\/strong><\/p>\n\n\n\n<p>&#8220;En marzo empezamos a recuperar poder adquisitivo, dejando atr\u00e1s las sumas permanentes. Pero tenemos que seguir luchando, porque&nbsp;<strong>la \u00faltima oferta es rid\u00edcula<\/strong>. Si ma\u00f1ana no tenemos una propuesta superadora, volveremos a las asambleas y a las protestas&#8221;, afirm\u00f3 durante el Congreso el secretario General de ATE, Rodrigo Vicente.<\/p>\n\n\n\n<p>En tanto, tambi\u00e9n&nbsp;<strong>se aprobaron protestas con paro, movilizaciones y corte de accesos en Bariloche&nbsp;<\/strong>ante la<strong>&nbsp;llegada el viernes del presidente Milei.<\/strong><\/p>\n\n\n\n<p>&#8220;En las pr\u00f3ximas horas llegar\u00e1 a la provincia el c\u00ednico de Milei, el hacedor de un ajuste que golpea con violencia a R\u00edo Negro. No s\u00f3lo con despidos en el sector p\u00fablico y recorte de salarios y jubilaciones, sino con<strong>&nbsp;medidas que afectan negativamente a comerciantes, PyMEs, industriales, productores y econom\u00edas&nbsp;<\/strong>regionales. Su presencia es no grata en lo provincia, y se lo debemos hacer saber&#8221;, afirm\u00f3 Vicente.<\/p>\n\n\n\n<p>En tanto, la secretaria Adjunta de ATE nacional, Mercedes Cabezas, se\u00f1al\u00f3 que &#8220;son tiempos dif\u00edciles de naturalizaci\u00f3n de la<strong>&nbsp;violencia y deshumanizaci\u00f3n del Estado&#8221;<\/strong>&nbsp;y que a esos intentos &#8220;le decimos que el Estado se construye todos los d\u00edas desde la pol\u00edtica p\u00fablica. Los derechos se construyen y se defienden en la calle&#8221;.<\/p>\n\n\n\n<p><strong>El objetivo de ATE es la afiliaci\u00f3n de 15.000 estatales<\/strong><\/p>\n\n\n\n<p>Durante el Congreso en Viedma participaron unos 1000 congresales y delegados donde se aprob\u00f3 el lanzamiento de una masiva campa\u00f1a de afiliaci\u00f3n y de discusi\u00f3n del<strong>&nbsp;Convenio Colectivo de Trabajo en todos los sectores de la administraci\u00f3n p\u00fablica.<\/strong><\/p>\n\n\n\n<p>&#8220;El convenio colectivo de trabajo es un logro hist\u00f3rico&#8221;, dijo Vicente y alent\u00f3 a recorrer cada sector de trabajo para &#8220;dise\u00f1arlo entre todos los estatales&#8221;.<\/p>\n\n\n\n<p>Hizo referencia a avanzar en &#8220;una amplia campa\u00f1a de afiliaci\u00f3n que nos permita alcanzar a los 15.000 afiliados en la provincia&#8221;, se\u00f1al\u00f3 el l\u00edder de ATE en R\u00edo Negro.<\/p>\n\n\n\n<p><strong>Fuente: www.rionegro.com.ar<\/strong><\/p>\n\n\n\n<p><a href=\"https:\/\/www.rionegro.com.ar\/gremios\/unter-ya-debate-en-su-congreso-de-huergo-la-propuesta-salarial-del-gobierno-3525486\/\"><\/a><\/p>\n","protected":false},"excerpt":{"rendered":"<p>La Asociaci\u00f3n Trabajadores del Estado (ATE)&nbsp;rechaz\u00f3 este martes la \u00faltima oferta salarial del gobierno rionegrino&nbsp;durante su 25\u00b0 Congreso Ordinario y 27\u00b0 Congreso Extraordinario en Viedma. El sindicato advirti\u00f3 que si este mi\u00e9rcoles no recibe una mejora en paritaria,&nbsp;definir\u00e1 medidas de protesta. Tambi\u00e9n definieron medidas ante la visita de Milei a Bariloche. El Gobierno de R\u00edo [&hellip;]<\/p>\n","protected":false},"author":5,"featured_media":3824,"comment_status":"open","ping_status":"open","sticky":false,"template":"","format":"standard","meta":[],"categories":[13],"tags":[],"_links":{"self":[{"href":"https:\/\/politicapatagonica.com\/index.php\/wp-json\/wp\/v2\/posts\/3823"}],"collection":[{"href":"https:\/\/politicapatagonica.com\/index.php\/wp-json\/wp\/v2\/posts"}],"about":[{"href":"https:\/\/politicapatagonica.com\/index.php\/wp-json\/wp\/v2\/types\/post"}],"author":[{"embeddable":true,"href":"https:\/\/politicapatagonica.com\/index.php\/wp-json\/wp\/v2\/users\/5"}],"replies":[{"embeddable":true,"href":"https:\/\/politicapatagonica.com\/index.php\/wp-json\/wp\/v2\/comments?post=3823"}],"version-history":[{"count":2,"href":"https:\/\/politicapatagonica.com\/index.php\/wp-json\/wp\/v2\/posts\/3823\/revisions"}],"predecessor-version":[{"id":3830,"href":"https:\/\/politicapatagonica.com\/index.php\/wp-json\/wp\/v2\/posts\/3823\/revisions\/3830"}],"wp:featuredmedia":[{"embeddable":true,"href":"https:\/\/politicapatagonica.com\/index.php\/wp-json\/wp\/v2\/media\/3824"}],"wp:attachment":[{"href":"https:\/\/politicapatagonica.com\/index.php\/wp-json\/wp\/v2\/media?parent=3823"}],"wp:term":[{"taxonomy":"category","embeddable":true,"href":"https:\/\/politicapatagonica.com\/index.php\/wp-json\/wp\/v2\/categories?post=3823"},{"taxonomy":"post_tag","embeddable":true,"href":"https:\/\/politicapatagonica.com\/index.php\/wp-json\/wp\/v2\/tags?post=3823"}],"curies":[{"name":"wp","href":"https:\/\/api.w.org\/{rel}","templated":true}]}}