{"id":3807,"date":"2024-04-15T21:31:06","date_gmt":"2024-04-15T21:31:06","guid":{"rendered":"https:\/\/politicapatagonica.com\/?p=3807"},"modified":"2024-04-16T12:44:04","modified_gmt":"2024-04-16T12:44:04","slug":"cutral-co-se-suma-al-plan-de-seguridad-provincial-de-neuquen","status":"publish","type":"post","link":"https:\/\/politicapatagonica.com\/index.php\/2024\/04\/15\/cutral-co-se-suma-al-plan-de-seguridad-provincial-de-neuquen\/","title":{"rendered":"La ciudad de Cutral Co se suma al Plan Provincial de Seguridad de Neuqu\u00e9n"},"content":{"rendered":"\n<p><strong>El gobernador Rolando Figueroa y el intendente de\u00a0Cutral Co, Ram\u00f3n Rioseco, firmaron un convenio para sumar las c\u00e1maras de<\/strong>\u00a0<strong>seguridad<\/strong>\u00a0<strong>y del centro de monitoreo de esa ciudad al Plan Provincial de Seguridad de<\/strong>\u00a0<strong>Neuqu\u00e9n<\/strong>. Tambi\u00e9n acordaron la puesta en marcha de una posta policial, la incorporaci\u00f3n de 25 efectivos a la localidad; y la tramitaci\u00f3n ante el Banco Provincia para la construcci\u00f3n de dos nuevos cajeros autom\u00e1ticos.<\/p>\n\n\n\n<p>Por otro lado,&nbsp;<strong>se acord\u00f3 la ampliaci\u00f3n del ejido de la ciudad, cuyo abordaje correr\u00e1 por cuenta de la Legislatura.<\/strong>&nbsp;Luego, el gobernador Figueroa acompa\u00f1\u00f3 a las autoridades locales en la inauguraci\u00f3n del segundo natatorio de la localidad.<\/p>\n\n\n\n<p>De las actividades participaron tambi\u00e9n el ministro de Gobierno, Jorge Tobares; la ministra de Educaci\u00f3n, Soledad Mart\u00ednez; y el intendente de Plaza Huincul, Claudio Larraza, entre otros.<\/p>\n\n\n\n<figure class=\"wp-block-image\"><img decoding=\"async\" src=\"https:\/\/media.lmneuquen.com\/p\/527baae778ef418c03f37047c693794f\/adjuntos\/195\/imagenes\/007\/696\/0007696516\/770x0\/smart\/figueroa-y-rioseco-plan-seguridad-2jpg.jpg\" alt=\"\" title=\"\"\/><\/figure>\n\n\n\n<p>\u201c<strong>Estamos en una reuni\u00f3n hist\u00f3rica, porque nos hemos reunido para sumar voluntad de trabajo dejando cualquier tipo de diferencia a un lado para trabajar sobre las coincidencias, para brindar m\u00e1s seguridad, m\u00e1s infraestructura a trav\u00e9s de pol\u00edticas p\u00fablicas en conjunto <\/strong>y en donde claramente es necesario defender el federalismo, como se\u00f1al\u00f3 el intendente (Ram\u00f3n Rioseco)\u201d, dijo Figueroa durante la inauguraci\u00f3n de la pileta.<\/p>\n\n\n\n<p><strong>\u201cMucho da\u00f1o nos hace cuando maltratan al federalismo, cuando dejan de cobijarlo y lo dejan de lado. Se siente en las provincias y tambi\u00e9n en cada una de las localidades el cortar la obra p\u00fablica por parte de Naci\u00f3n\u201d<\/strong>, dijo Figueroa respecto de las decisiones del gobierno central de no continuar las obras ya iniciadas.<\/p>\n\n\n\n<p>\u201cSeguramente nos ha impactado a todos, pero tambi\u00e9n debo admitir que un gran flagelo que hemos tenido en esta provincia ha sido la inacci\u00f3n de muchos funcionarios que dejaron de lado el trabajo y el compromiso para trabajar la gente. Estamos ordenando las distintas obras p\u00fablicas que se deben ejecutar. <strong>La semana pasada terminamos de modificar las leyes que necesit\u00e1bamos para reactivar la obra p\u00fablica\u201d, agreg\u00f3.<\/strong><\/p>\n\n\n\n<h2>Obras p\u00fablicas y ampliaci\u00f3n del ejido de Cutral Co<\/h2>\n\n\n\n<p>Figueroa acompa\u00f1\u00f3 tambi\u00e9n la construcci\u00f3n de sendos cajeros autom\u00e1ticos del BPN en los barrios Parque Este y Oeste y Zani; y la ampliaci\u00f3n del ejido municipal de Cutral Co:<strong> \u201cTodo esto es fruto del crecimiento que est\u00e1 teniendo la ciudad; y que va presionando para poder ampliar su ejido \u00bfPor qu\u00e9 vamos a privar a una comunidad que quiere crecer, o ponerle l\u00edmites? Por eso estamos convencidos de que tenemos sancionar la ley que es necesaria para que Cutral Co siga creciendo, para que lo pueda seguir haciendo en orden\u201d.<\/strong><\/p>\n\n\n\n<p>\u201cPara m\u00ed es un gusto compartir este momento de intercambio institucional con la Provincia. Creo que es necesario trabajar de esta forma para el bienestar de nuestras comunidades para los pr\u00f3ximos a\u00f1os\u201d, dijo por su parte el intendente Rioseco.<\/p>\n\n\n\n<p>\u201cTratamos de olvidarnos de la pol\u00edtica en este caso para ampliar nuestro ejido que necesitamos urgentemente ampliar porque estamos encerrados. <strong>Esto nos va a permitir a nosotros planificar el futuro de la de la ciudad y el desarrollo de los pr\u00f3ximos barrios<\/strong>. Tambi\u00e9n hablamos con el BPN sobre la posibilidad concreta digamos de poner un cajero en los barrios Parque Este y Oeste y en el barrio Sani, que son sectores nuevos que se han alejado mucho del centro y que se hace necesario para que se descomprima la sede del BPN\u201d, anticip\u00f3 el jefe comunal.<\/p>\n\n\n\n<p><strong>Fuente: lmneuquen.com<\/strong><\/p>\n","protected":false},"excerpt":{"rendered":"<p>El gobernador Rolando Figueroa y el intendente de\u00a0Cutral Co, Ram\u00f3n Rioseco, firmaron un convenio para sumar las c\u00e1maras de\u00a0seguridad\u00a0y del centro de monitoreo de esa ciudad al Plan Provincial de Seguridad de\u00a0Neuqu\u00e9n. Tambi\u00e9n acordaron la puesta en marcha de una posta policial, la incorporaci\u00f3n de 25 efectivos a la localidad; y la tramitaci\u00f3n ante el [&hellip;]<\/p>\n","protected":false},"author":5,"featured_media":3808,"comment_status":"open","ping_status":"open","sticky":false,"template":"","format":"standard","meta":[],"categories":[9],"tags":[],"_links":{"self":[{"href":"https:\/\/politicapatagonica.com\/index.php\/wp-json\/wp\/v2\/posts\/3807"}],"collection":[{"href":"https:\/\/politicapatagonica.com\/index.php\/wp-json\/wp\/v2\/posts"}],"about":[{"href":"https:\/\/politicapatagonica.com\/index.php\/wp-json\/wp\/v2\/types\/post"}],"author":[{"embeddable":true,"href":"https:\/\/politicapatagonica.com\/index.php\/wp-json\/wp\/v2\/users\/5"}],"replies":[{"embeddable":true,"href":"https:\/\/politicapatagonica.com\/index.php\/wp-json\/wp\/v2\/comments?post=3807"}],"version-history":[{"count":2,"href":"https:\/\/politicapatagonica.com\/index.php\/wp-json\/wp\/v2\/posts\/3807\/revisions"}],"predecessor-version":[{"id":3822,"href":"https:\/\/politicapatagonica.com\/index.php\/wp-json\/wp\/v2\/posts\/3807\/revisions\/3822"}],"wp:featuredmedia":[{"embeddable":true,"href":"https:\/\/politicapatagonica.com\/index.php\/wp-json\/wp\/v2\/media\/3808"}],"wp:attachment":[{"href":"https:\/\/politicapatagonica.com\/index.php\/wp-json\/wp\/v2\/media?parent=3807"}],"wp:term":[{"taxonomy":"category","embeddable":true,"href":"https:\/\/politicapatagonica.com\/index.php\/wp-json\/wp\/v2\/categories?post=3807"},{"taxonomy":"post_tag","embeddable":true,"href":"https:\/\/politicapatagonica.com\/index.php\/wp-json\/wp\/v2\/tags?post=3807"}],"curies":[{"name":"wp","href":"https:\/\/api.w.org\/{rel}","templated":true}]}}