{"id":3804,"date":"2024-04-15T19:40:33","date_gmt":"2024-04-15T19:40:33","guid":{"rendered":"https:\/\/politicapatagonica.com\/?p=3804"},"modified":"2024-04-15T19:40:35","modified_gmt":"2024-04-15T19:40:35","slug":"torres-encabezo-una-nueva-reunion-del-gabinete-provincial","status":"publish","type":"post","link":"https:\/\/politicapatagonica.com\/index.php\/2024\/04\/15\/torres-encabezo-una-nueva-reunion-del-gabinete-provincial\/","title":{"rendered":"Torres encabez\u00f3 una nueva reuni\u00f3n del gabinete provincial"},"content":{"rendered":"\n<p>El gobernador del Chubut,&nbsp;<strong>Ignacio \u201cNacho\u201d Torres<\/strong>, reuni\u00f3 este lunes en Rawson a la totalidad del Gabinete Provincial, con el objeto de evaluar las acciones y programas llevados adelante por cada \u00e1rea de gobierno en todo el territorio y definir las prioridades de gesti\u00f3n para los pr\u00f3ximos meses.<\/p>\n\n\n\n<p>El encuentro se desarroll\u00f3 esta ma\u00f1ana, en el sal\u00f3n de usos m\u00faltiples de la Administraci\u00f3n de Vialidad Provincial, y cont\u00f3 con la participaci\u00f3n de ministros, secretarios, subsecretarios y presidentes de entes descentralizados, entre otros funcionarios.<\/p>\n\n\n\n<p>\u201cSe realiz\u00f3 un repaso general y balance de cada una de las \u00e1reas\u201d, expres\u00f3 el mandatario al t\u00e9rmino de la reuni\u00f3n llevada adelante a primera hora de este lunes con los responsables de cada cartera del Ejecutivo. En la oportunidad, Torres adelant\u00f3 una mayor presencia territorial del equipo de Gobierno \u201cpara dar respuesta a las necesidades de los chubutenses\u201d.<\/p>\n\n\n\n<p>\u201cEs fundamental que continuemos trabajando con la rapidez que requieren cada uno de los temas\u201d, se\u00f1al\u00f3 el gobernador e inst\u00f3 a fortalecer las pol\u00edticas p\u00fablicas y llegar con soluciones concretas a todas las localidades y comunas de la provincia.<\/p>\n\n\n\n<p>En esa l\u00ednea, el mandatario precis\u00f3 que \u201cestuvimos viendo algunas obras que son importantes, que tienen que ejecutarse en tiempo y forma, sobre todo las referidas a infraestructura escolar\u201d; y se analiz\u00f3, adem\u00e1s, \u201cla valoraci\u00f3n de cada cartera de gobierno que vamos a presentar y compartir todos los meses a los chubutenses\u201d.<\/p>\n\n\n\n<p><strong>Fuente: www.elchubut.com.ar<\/strong><\/p>\n","protected":false},"excerpt":{"rendered":"<p>El gobernador del Chubut,&nbsp;Ignacio \u201cNacho\u201d Torres, reuni\u00f3 este lunes en Rawson a la totalidad del Gabinete Provincial, con el objeto de evaluar las acciones y programas llevados adelante por cada \u00e1rea de gobierno en todo el territorio y definir las prioridades de gesti\u00f3n para los pr\u00f3ximos meses. El encuentro se desarroll\u00f3 esta ma\u00f1ana, en el [&hellip;]<\/p>\n","protected":false},"author":5,"featured_media":3805,"comment_status":"open","ping_status":"open","sticky":false,"template":"","format":"standard","meta":[],"categories":[14],"tags":[],"_links":{"self":[{"href":"https:\/\/politicapatagonica.com\/index.php\/wp-json\/wp\/v2\/posts\/3804"}],"collection":[{"href":"https:\/\/politicapatagonica.com\/index.php\/wp-json\/wp\/v2\/posts"}],"about":[{"href":"https:\/\/politicapatagonica.com\/index.php\/wp-json\/wp\/v2\/types\/post"}],"author":[{"embeddable":true,"href":"https:\/\/politicapatagonica.com\/index.php\/wp-json\/wp\/v2\/users\/5"}],"replies":[{"embeddable":true,"href":"https:\/\/politicapatagonica.com\/index.php\/wp-json\/wp\/v2\/comments?post=3804"}],"version-history":[{"count":1,"href":"https:\/\/politicapatagonica.com\/index.php\/wp-json\/wp\/v2\/posts\/3804\/revisions"}],"predecessor-version":[{"id":3806,"href":"https:\/\/politicapatagonica.com\/index.php\/wp-json\/wp\/v2\/posts\/3804\/revisions\/3806"}],"wp:featuredmedia":[{"embeddable":true,"href":"https:\/\/politicapatagonica.com\/index.php\/wp-json\/wp\/v2\/media\/3805"}],"wp:attachment":[{"href":"https:\/\/politicapatagonica.com\/index.php\/wp-json\/wp\/v2\/media?parent=3804"}],"wp:term":[{"taxonomy":"category","embeddable":true,"href":"https:\/\/politicapatagonica.com\/index.php\/wp-json\/wp\/v2\/categories?post=3804"},{"taxonomy":"post_tag","embeddable":true,"href":"https:\/\/politicapatagonica.com\/index.php\/wp-json\/wp\/v2\/tags?post=3804"}],"curies":[{"name":"wp","href":"https:\/\/api.w.org\/{rel}","templated":true}]}}