{"id":3801,"date":"2024-04-12T21:19:27","date_gmt":"2024-04-12T21:19:27","guid":{"rendered":"https:\/\/politicapatagonica.com\/?p=3801"},"modified":"2024-04-16T12:40:19","modified_gmt":"2024-04-16T12:40:19","slug":"agenda-de-trabajo-con-la-agencia-francesa-para-el-desarrollo","status":"publish","type":"post","link":"https:\/\/politicapatagonica.com\/index.php\/2024\/04\/12\/agenda-de-trabajo-con-la-agencia-francesa-para-el-desarrollo\/","title":{"rendered":"En Tierra del Fuego buscan consolidar lazos bilaterales de desarrollo con Francia"},"content":{"rendered":"\n<p><br>El Gobierno de la provincia de <strong>Tierra del Fuego llev\u00f3 adelante una nutrida agenda de trabajo con Lorena Chara, directora de la Agencia Francesa para el Desarrollo (AFD)<\/strong>, que tuvo como objetivo principal la promoci\u00f3n y el impulso de proyectos de cooperaci\u00f3n internacional y la obtenci\u00f3n de respaldo econ\u00f3mico por parte de la agencia.<\/p>\n\n\n\n<p>De los encuentros tomaron parte los ministros de Energ\u00eda; de Producci\u00f3n y Ambiente; de Trabajo y Empleo, y de Econom\u00eda.<\/p>\n\n\n\n<p>El secretario de Malvinas, Ant\u00e1rtida, Islas del Atl\u00e1ntico Sur y Asuntos Internacionales, Andr\u00e9s Dachary, valor\u00f3 los resultados de estas reuniones como un paso significativo hacia la <strong>consolidaci\u00f3n de los lazos bilaterales entre la provincia de Tierra del Fuego y Francia. <\/strong>Destac\u00f3 que \u201cel avance en la identificaci\u00f3n de temas espec\u00edficos viables para la cooperaci\u00f3n internacional es fundamental para fortalecer nuestra relaci\u00f3n con Francia, y ello contribuir\u00e1 decisivamente al proceso de diversificaci\u00f3n y enriquecimiento de nuestra matriz productiva, otorgando mayor valor a nuestros recursos naturales\u201d.<\/p>\n\n\n\n<p>La Agencia Francesa para el Desarrollo cuenta con una amplia trayectoria de presencia en Argentina e impulsa una serie de proyectos en el pa\u00eds, especialmente aquellos relacionados con l\u00edneas de cr\u00e9dito verdes y con una perspectiva de g\u00e9nero inclusiva.<\/p>\n\n\n\n<p>La agenda propuesta por la AFD en Argentina se caracteriza por su enfoque sostenible, abarcando \u00e1reas vitales como el sector del agua, la mejora de la administraci\u00f3n p\u00fablica y la promoci\u00f3n de energ\u00edas renovables. Adem\u00e1s, la agencia manifiesta un inter\u00e9s particular en campos como la movilidad sustentable y la biodiversidad, los cuales han sido objeto de atenci\u00f3n durante el a\u00f1o 2023, con proyectos destacados en la preservaci\u00f3n de la biodiversidad y en el desarrollo de infraestructuras para el transporte de energ\u00eda el\u00e9ctrica.<\/p>\n\n\n\n<p>Finalmente, Dachary sintetiz\u00f3 estos encuentros indicando que \u201crepresentan una oportunidad \u00fanica para la Provincia, no s\u00f3lo en t\u00e9rminos de desarrollo econ\u00f3mico sostenible e innovaci\u00f3n, sino tambi\u00e9n en cuanto a la consolidaci\u00f3n de su proceso de internacionalizaci\u00f3n que promueva y contribuya al bienestar de los fueguinos y fueguinas\u201d.<\/p>\n\n\n\n<p><strong>Fuente: www.eldiariodelfindelmundo.com<\/strong><\/p>\n","protected":false},"excerpt":{"rendered":"<p>El Gobierno de la provincia de Tierra del Fuego llev\u00f3 adelante una nutrida agenda de trabajo con Lorena Chara, directora de la Agencia Francesa para el Desarrollo (AFD), que tuvo como objetivo principal la promoci\u00f3n y el impulso de proyectos de cooperaci\u00f3n internacional y la obtenci\u00f3n de respaldo econ\u00f3mico por parte de la agencia. De [&hellip;]<\/p>\n","protected":false},"author":5,"featured_media":3802,"comment_status":"open","ping_status":"open","sticky":false,"template":"","format":"standard","meta":[],"categories":[11],"tags":[],"_links":{"self":[{"href":"https:\/\/politicapatagonica.com\/index.php\/wp-json\/wp\/v2\/posts\/3801"}],"collection":[{"href":"https:\/\/politicapatagonica.com\/index.php\/wp-json\/wp\/v2\/posts"}],"about":[{"href":"https:\/\/politicapatagonica.com\/index.php\/wp-json\/wp\/v2\/types\/post"}],"author":[{"embeddable":true,"href":"https:\/\/politicapatagonica.com\/index.php\/wp-json\/wp\/v2\/users\/5"}],"replies":[{"embeddable":true,"href":"https:\/\/politicapatagonica.com\/index.php\/wp-json\/wp\/v2\/comments?post=3801"}],"version-history":[{"count":2,"href":"https:\/\/politicapatagonica.com\/index.php\/wp-json\/wp\/v2\/posts\/3801\/revisions"}],"predecessor-version":[{"id":3820,"href":"https:\/\/politicapatagonica.com\/index.php\/wp-json\/wp\/v2\/posts\/3801\/revisions\/3820"}],"wp:featuredmedia":[{"embeddable":true,"href":"https:\/\/politicapatagonica.com\/index.php\/wp-json\/wp\/v2\/media\/3802"}],"wp:attachment":[{"href":"https:\/\/politicapatagonica.com\/index.php\/wp-json\/wp\/v2\/media?parent=3801"}],"wp:term":[{"taxonomy":"category","embeddable":true,"href":"https:\/\/politicapatagonica.com\/index.php\/wp-json\/wp\/v2\/categories?post=3801"},{"taxonomy":"post_tag","embeddable":true,"href":"https:\/\/politicapatagonica.com\/index.php\/wp-json\/wp\/v2\/tags?post=3801"}],"curies":[{"name":"wp","href":"https:\/\/api.w.org\/{rel}","templated":true}]}}