{"id":3795,"date":"2024-04-11T22:30:07","date_gmt":"2024-04-11T22:30:07","guid":{"rendered":"https:\/\/politicapatagonica.com\/?p=3795"},"modified":"2024-04-16T12:35:59","modified_gmt":"2024-04-16T12:35:59","slug":"figueroa-consigue-la-aprobacion-para-reactivar-la-obra-publica","status":"publish","type":"post","link":"https:\/\/politicapatagonica.com\/index.php\/2024\/04\/11\/figueroa-consigue-la-aprobacion-para-reactivar-la-obra-publica\/","title":{"rendered":"Figueroa consigue la aprobaci\u00f3n para reactivar la obra p\u00fablica en Neuqu\u00e9n"},"content":{"rendered":"\n<p>En una nueva sesi\u00f3n, la Legislatura neuquina aprob\u00f3&nbsp;<strong>cuatro leyes<\/strong>&nbsp;presentadas por el&nbsp;<strong>gobierno de Rolando Figueroa,<\/strong>&nbsp;destac\u00e1ndose el plan de&nbsp;<strong>reactivaci\u00f3n de obra p\u00fablica.<\/strong>&nbsp;Tambi\u00e9n se abordaron temas como la&nbsp;<strong>reincorporaci\u00f3n voluntaria de polic\u00edas retirados, un programa de entrenamiento laboral, y la adhesi\u00f3n a una ley nacional sobre trazabilidad de medicamentos.<\/strong><\/p>\n\n\n\n<p>La propuesta para reactivar la obra p\u00fablica gener\u00f3 intensos debates, siendo tratada sobre tablas, es decir, sin un despacho previo de comisi\u00f3n.&nbsp;<\/p>\n\n\n\n<p>Durante la discusi\u00f3n, se incorpor\u00f3 un art\u00edculo que declara la emergencia en la obra p\u00fablica provincial debido a la interrupci\u00f3n de la ecuaci\u00f3n econ\u00f3mica, como resultado del ajuste nacional que cort\u00f3 los fondos destinados a este fin.<\/p>\n\n\n\n<p>El diputado oficialista&nbsp;<strong>Ernesto Novoa<\/strong>&nbsp;explic\u00f3 que esta medida autoriza al Ejecutivo a renegociar contratos debido a la falta de env\u00edo de fondos por parte del gobierno nacional, lo que llev\u00f3 a la paralizaci\u00f3n de 400 obras.&nbsp;<\/p>\n\n\n\n<p>La urgencia de la situaci\u00f3n radica en la necesidad de dar continuidad a proyectos de infraestructura vital como escuelas, hospitales, dependencias policiales y rutas.<\/p>\n\n\n\n<p>Por su parte, el diputado&nbsp;<strong>Marcelo Berm\u00fadez<\/strong>&nbsp;se\u00f1al\u00f3 la importancia de contar con un marco legal que permita renegociar los contratos, enfatizando que la redefinici\u00f3n de las obras es competencia del Ejecutivo provincial. Tambi\u00e9n se destac\u00f3 la necesidad de evitar aumentos en los costos debido a la demora en la aprobaci\u00f3n de la normativa.<\/p>\n\n\n\n<p>La declaraci\u00f3n de emergencia fue propuesta por el diputado Claudio Dom\u00ednguez para brindar seguridad jur\u00eddica a las partes involucradas en las negociaciones. Desde la oposici\u00f3n, se plantearon objeciones respecto a la falta de informaci\u00f3n detallada sobre las obras y los montos involucrados, as\u00ed como preocupaciones sobre el endeudamiento propuesto por el gobernador Figueroa.<\/p>\n\n\n\n<p>La sesi\u00f3n reflej\u00f3 la urgencia de abordar la reactivaci\u00f3n de la obra p\u00fablica en medio de la crisis econ\u00f3mica, aunque tambi\u00e9n suscit\u00f3 debates sobre la transparencia y la necesidad de evaluar detenidamente las implicaciones financieras de las decisiones tomadas.<\/p>\n\n\n\n<p><strong>Fuente: www.neuquenpost.com<\/strong><\/p>\n","protected":false},"excerpt":{"rendered":"<p>En una nueva sesi\u00f3n, la Legislatura neuquina aprob\u00f3&nbsp;cuatro leyes&nbsp;presentadas por el&nbsp;gobierno de Rolando Figueroa,&nbsp;destac\u00e1ndose el plan de&nbsp;reactivaci\u00f3n de obra p\u00fablica.&nbsp;Tambi\u00e9n se abordaron temas como la&nbsp;reincorporaci\u00f3n voluntaria de polic\u00edas retirados, un programa de entrenamiento laboral, y la adhesi\u00f3n a una ley nacional sobre trazabilidad de medicamentos. La propuesta para reactivar la obra p\u00fablica gener\u00f3 intensos debates, [&hellip;]<\/p>\n","protected":false},"author":5,"featured_media":3796,"comment_status":"open","ping_status":"open","sticky":false,"template":"","format":"standard","meta":[],"categories":[9],"tags":[],"_links":{"self":[{"href":"https:\/\/politicapatagonica.com\/index.php\/wp-json\/wp\/v2\/posts\/3795"}],"collection":[{"href":"https:\/\/politicapatagonica.com\/index.php\/wp-json\/wp\/v2\/posts"}],"about":[{"href":"https:\/\/politicapatagonica.com\/index.php\/wp-json\/wp\/v2\/types\/post"}],"author":[{"embeddable":true,"href":"https:\/\/politicapatagonica.com\/index.php\/wp-json\/wp\/v2\/users\/5"}],"replies":[{"embeddable":true,"href":"https:\/\/politicapatagonica.com\/index.php\/wp-json\/wp\/v2\/comments?post=3795"}],"version-history":[{"count":2,"href":"https:\/\/politicapatagonica.com\/index.php\/wp-json\/wp\/v2\/posts\/3795\/revisions"}],"predecessor-version":[{"id":3818,"href":"https:\/\/politicapatagonica.com\/index.php\/wp-json\/wp\/v2\/posts\/3795\/revisions\/3818"}],"wp:featuredmedia":[{"embeddable":true,"href":"https:\/\/politicapatagonica.com\/index.php\/wp-json\/wp\/v2\/media\/3796"}],"wp:attachment":[{"href":"https:\/\/politicapatagonica.com\/index.php\/wp-json\/wp\/v2\/media?parent=3795"}],"wp:term":[{"taxonomy":"category","embeddable":true,"href":"https:\/\/politicapatagonica.com\/index.php\/wp-json\/wp\/v2\/categories?post=3795"},{"taxonomy":"post_tag","embeddable":true,"href":"https:\/\/politicapatagonica.com\/index.php\/wp-json\/wp\/v2\/tags?post=3795"}],"curies":[{"name":"wp","href":"https:\/\/api.w.org\/{rel}","templated":true}]}}