{"id":3777,"date":"2024-04-11T21:02:29","date_gmt":"2024-04-11T21:02:29","guid":{"rendered":"https:\/\/politicapatagonica.com\/?p=3777"},"modified":"2024-04-16T12:31:59","modified_gmt":"2024-04-16T12:31:59","slug":"oficialismo-y-ucr-repudian-despidos","status":"publish","type":"post","link":"https:\/\/politicapatagonica.com\/index.php\/2024\/04\/11\/oficialismo-y-ucr-repudian-despidos\/","title":{"rendered":"Oficialismo y UCR de La Pampa repudian despidos arbitrarios en organismos p\u00fablicos nacionales"},"content":{"rendered":"\n<p><strong>El Concejo Deliberante de Santa Rosa, La Pampa, repudi\u00f3 los despidos en organismos p\u00fablicos decididos por el gobierno nacional. <\/strong>El PRO no vot\u00f3 el proyecto. La UCR sum\u00f3 su rechazo a los despidos, pese a que en sesiones anteriores hab\u00eda considerado que iniciativas de ese tipo, con referencia a pol\u00edticas nacionales, no eran &#8220;inherentes a la ciudad&#8221;.<\/p>\n\n\n\n<p>De todos modos, el concejal radical Diego Camargo aclar\u00f3 que el acompa\u00f1amiento de ese proyecto se daba &#8220;por excepci\u00f3n&#8221;. <strong>La sesi\u00f3n fue presenciada por trabajadores y trabajadoras de ANSES, que se mantienen en conflicto, y de otros organismos que<\/strong> <strong>sufrieron despidos: Vialidad, Agricultura Familiar, el INADI.<\/strong><\/p>\n\n\n\n<p>Camargo se quej\u00f3 de que el oficialismo &#8220;pierde el tiempo analizando los discursos del presidente para presentar el proyecto&#8221;. Y sentenci\u00f3: &#8220;<strong>No podemos transformar al Concejo en un \u00f3rgano repudiador.<\/strong> No solucionamos nada con los repudios&#8221;.<\/p>\n\n\n\n<p>Adem\u00e1s, la oposici\u00f3n le reproch\u00f3 al oficialismo sus propios ajustes en la comuna. Camargo enumer\u00f3 todos los contratos que finaliz\u00f3 el intendente Luciano di Napoli: <strong>&#8220;Milei usa la motosierra pero el primer le\u00f1ador fue di Napoli&#8221;<\/strong>, acus\u00f3.<\/p>\n\n\n\n<p><strong>Mar\u00eda Fernanda Oddi, concejala del PRO, intent\u00f3 justificar su voto contra el proyecto. Trat\u00f3 de aclarar que &#8220;aunque no votemos el repudio, no quiere decir que no lo pensemos&#8221;<\/strong>. Despu\u00e9s dijo, ambigua: &#8220;No avalamos ni dejamos de avalar al presidente&#8221; Javier Milei.<\/p>\n\n\n\n<p><strong>&#8220;Despidos arbitrarios&#8221;<\/strong><\/p>\n\n\n\n<p>Por su parte, el concejal de Patria Grande en el FreJuPa, Mariano Alfageme, que present\u00f3 el proyecto aprobado por mayor\u00eda, en el que se le pide a las y los legisladores nacionales por<strong> La Pampa que rechacen el DNU que permiti\u00f3 14 mil &#8220;despidos arbitrarios e ilegales&#8221; en todo el pa\u00eds, 90 de ellos, en la provincia. &#8220;Estos despidos arbitrarios e injustificados revelan no solo un total desconocimiento de la gesti\u00f3n del Estado Nacional, sino tambi\u00e9n la intenci\u00f3n de desmantelar todas las pol\u00edticas p\u00fablicas, impactando de manera negativa en gran parte de la poblaci\u00f3n de nuestro pa\u00eds&#8221;<\/strong>, afirm\u00f3 el edil santarrose\u00f1o.<\/p>\n\n\n\n<p>En el proyecto de resoluci\u00f3n, aprobado con el voto del bloque del FreJuPa de Santa Rosa, interpela a las y los diputados nacionales<strong> para que no acompa\u00f1en el DNU 70\/2023<\/strong> porque &#8220;afecta derechos econ\u00f3micos, culturales, sociales, sindicales, vinculados a la salud, vivienda y alquileres, trabajo, ambiente, tierra y seguridad de todos los y las habitantes de la Naci\u00f3n&#8221;.<\/p>\n\n\n\n<p>Record\u00f3 que fue rechazado por el Senado de la Naci\u00f3n, pero sigue vigente porque no se trat\u00f3 en Diputados.\u00a0Por ello les solicita a los legisladores nacionales por La Pampa, Mart\u00edn Maquieyra y Mart\u00edn Ardohain (PRO), y Marecela Coli (UCR) que &#8220;<strong>no avalen que casi un centenar de familias pampeanas se queden sin trabajo por despidos se est\u00e1n llevando adelante ilegalmente<\/strong>, ya que se efect\u00faan de forma arbitraria e injustificada, violan lo dispuesto por la Constituci\u00f3n Nacional, los tratados internacionales y la legislaci\u00f3n laboral argentina&#8221;.<\/p>\n\n\n\n<p>&#8220;Esperemos que los diputados y la diputada nacional de la oposici\u00f3n no sean c\u00f3mplices del ajuste y los despidos, como lo hicieron el bloque del PRO y Comunidad Organizada del Concejo Deliberante de Santa Rosa&#8221;, reclam\u00f3.<\/p>\n\n\n\n<p>&#8220;A la fecha el gobierno de Milei despidi\u00f3 a 14 mil trabajadores de un total de 70 mil proyectados, lo que revela la intenci\u00f3n de desmantelar todas las pol\u00edticas p\u00fablicas, impactando de manera negativa en gran parte de la poblaci\u00f3n de nuestro pa\u00eds&#8221;, a\u00f1adi\u00f3.<\/p>\n\n\n\n<p>Record\u00f3 que en La Pampa &#8220;han sido despedidos\/as hasta la fecha m\u00e1s de 90 trabajadores y trabajadoras de organismos p\u00fablicos nacionales, entre ellos 38 del Programa Nacional &#8220;Primera Infancia&#8221;; 15 del Instituto Nacional de la Agricultura Familiar, Campesina e Ind\u00edgena (INAFCI); 14 de las delegaciones de ANSES de Santa Rosa, Santa Isabel y Victorica; 8 del Centro de Referencia del ex Ministerio de Desarrollo Social; 7 del Ente Nacional de Telecomunicaciones (ENACOM); 4 del Distrito 21\u00ba de la Direcci\u00f3n Nacional de Vialidad; 2 de la Agencia Nacional de Materiales Controlados (ANMaC), 2 del Centro de Acceso a la Justicia (CAJ) y 2 del Instituto Nacional contra la Discriminaci\u00f3n, la Xenofobia y el Racismo (INADI)&#8221;.<\/p>\n\n\n\n<p>A eso se le suma que &#8220;en los casos del INAFCI, el INADI, el CAJ y el ENACOM, el despido de sus trabajadores\/as <strong>implica el cierre de la delegaci\u00f3n provincial de estos organismos nacionales y el fin abrupto de las pol\u00edticas p\u00fablicas impulsadas por dichas reparticiones&#8221;.<\/strong><\/p>\n\n\n\n<p>Y en el caso de ENACOM el accionar del gobierno de Milei se vio agravado &#8220;por la presencia de un patrullero y de la Polic\u00eda Federal, que impidi\u00f3 el ingreso del personal a las oficinas del organismo,<strong> en una clara se\u00f1al de amedrentamiento ante posibles manifestaciones o protestas&#8221;.<\/strong><\/p>\n\n\n\n<p>Tambi\u00e9n desacredit\u00f3 el discurso oficial nacional que estigmatiza a las y los estatales porque &#8220;<strong>en la mayor\u00eda de los casos despidieron a personas que tienen una antig\u00fcedad laboral que va de los 5 a los 20 a\u00f1os<\/strong>, y que no ten\u00edan antecedentes de sanciones que avalen su cesant\u00eda&#8221;.<\/p>\n\n\n\n<p><strong>Los despidos tambi\u00e9n fueron cuestionados por Alfageme ya que &#8220;fueron notificados mediante WhatsApp o correo electr\u00f3nico, y sin el telegrama de despido en los plazos y formas exigidos por Ley&#8221;.<\/strong><\/p>\n\n\n\n<p>Advirti\u00f3 que a estos despidos se le &#8220;suman el cierre de la agencia estatal de noticias T\u00e9lam y el intento de privatizaci\u00f3n del Banco de la Naci\u00f3n Argentina&#8221; que fue repudiado de manera institucional por el Concejo Deliberante.<\/p>\n\n\n\n<p>Por \u00faltimo, afirm\u00f3 que los despidos generan incertidumbre y preocupaci\u00f3n en las familias pampeanas que perdieron el salario, y &#8220;afecta los servicios a la poblaci\u00f3n local que se prestaban en estas reparticiones estatales, cuyo cierre y\/o achicamiento implican el <strong>desmantelamiento de pol\u00edticas p\u00fablicas<\/strong> y la desarticulaci\u00f3n de capacidades t\u00e9cnicas y profesionales construidas a lo largo de las \u00faltimas&nbsp;d\u00e9cadas&#8221;.<\/p>\n\n\n\n<p>Una de las personas despedidas de la Direcci\u00f3n Nacional de Vialidad dijo que fueron <strong>&#8220;escuchados solo por los concejales del Fre.Ju.Pa. De los dem\u00e1s bloques solo recibimos desinter\u00e9s<\/strong>. Incluso me comuniqu\u00e9 con una concejala hace una semana respondi\u00e9ndome una semana despu\u00e9s a horas de sesionar&#8221;.<\/p>\n\n\n\n<p><strong>Fuente: www.eldiariodelapampa.com.ar<\/strong><\/p>\n","protected":false},"excerpt":{"rendered":"<p>El Concejo Deliberante de Santa Rosa, La Pampa, repudi\u00f3 los despidos en organismos p\u00fablicos decididos por el gobierno nacional. El PRO no vot\u00f3 el proyecto. La UCR sum\u00f3 su rechazo a los despidos, pese a que en sesiones anteriores hab\u00eda considerado que iniciativas de ese tipo, con referencia a pol\u00edticas nacionales, no eran &#8220;inherentes a [&hellip;]<\/p>\n","protected":false},"author":5,"featured_media":3778,"comment_status":"open","ping_status":"open","sticky":false,"template":"","format":"standard","meta":[],"categories":[10],"tags":[],"_links":{"self":[{"href":"https:\/\/politicapatagonica.com\/index.php\/wp-json\/wp\/v2\/posts\/3777"}],"collection":[{"href":"https:\/\/politicapatagonica.com\/index.php\/wp-json\/wp\/v2\/posts"}],"about":[{"href":"https:\/\/politicapatagonica.com\/index.php\/wp-json\/wp\/v2\/types\/post"}],"author":[{"embeddable":true,"href":"https:\/\/politicapatagonica.com\/index.php\/wp-json\/wp\/v2\/users\/5"}],"replies":[{"embeddable":true,"href":"https:\/\/politicapatagonica.com\/index.php\/wp-json\/wp\/v2\/comments?post=3777"}],"version-history":[{"count":11,"href":"https:\/\/politicapatagonica.com\/index.php\/wp-json\/wp\/v2\/posts\/3777\/revisions"}],"predecessor-version":[{"id":3816,"href":"https:\/\/politicapatagonica.com\/index.php\/wp-json\/wp\/v2\/posts\/3777\/revisions\/3816"}],"wp:featuredmedia":[{"embeddable":true,"href":"https:\/\/politicapatagonica.com\/index.php\/wp-json\/wp\/v2\/media\/3778"}],"wp:attachment":[{"href":"https:\/\/politicapatagonica.com\/index.php\/wp-json\/wp\/v2\/media?parent=3777"}],"wp:term":[{"taxonomy":"category","embeddable":true,"href":"https:\/\/politicapatagonica.com\/index.php\/wp-json\/wp\/v2\/categories?post=3777"},{"taxonomy":"post_tag","embeddable":true,"href":"https:\/\/politicapatagonica.com\/index.php\/wp-json\/wp\/v2\/tags?post=3777"}],"curies":[{"name":"wp","href":"https:\/\/api.w.org\/{rel}","templated":true}]}}