{"id":3771,"date":"2024-04-10T21:17:25","date_gmt":"2024-04-10T21:17:25","guid":{"rendered":"https:\/\/politicapatagonica.com\/?p=3771"},"modified":"2024-04-11T21:09:51","modified_gmt":"2024-04-11T21:09:51","slug":"proyectan-un-parque-acuatico-en-el-ex-zoologico-de-rawson","status":"publish","type":"post","link":"https:\/\/politicapatagonica.com\/index.php\/2024\/04\/10\/proyectan-un-parque-acuatico-en-el-ex-zoologico-de-rawson\/","title":{"rendered":"Proyectan un Parque Acu\u00e1tico donde funcionaba el zool\u00f3gico en Rawson"},"content":{"rendered":"\n<p><strong>El gobernador del Chubut,\u00a0Ignacio \u201cNacho\u201d Torres, y el intendente de Rawson,\u00a0Dami\u00e1n Biss, firmaron el traspaso del predio donde se encuentra el exzool\u00f3gico que estuvo bajo la \u00f3rbita provincial y municipal, para avanzar as\u00ed con el desarrollo de proyectos recreativos<\/strong> que beneficiar\u00e1n a los vecinos y vecinas de la regi\u00f3n, fortaleciendo asimismo el potencial tur\u00edstico de la capital provincial.<\/p>\n\n\n\n<p>La firma del comodato en cuesti\u00f3n tuvo lugar en la Residencia de Gobierno, ubicada en la ciudad de\u00a0Rawson, al t\u00e9rmino de la cual el mandatario provincial se refiri\u00f3 al traspaso del predio asegurando que se trata de \u201c<strong>un lugar hist\u00f3rico, con gran potencial y muy vinculado con la identidad de todos los rawsenses<\/strong>\u201d. Adem\u00e1s, refiri\u00f3 tambi\u00e9n que \u201chace mucho tiempo la comunidad de la zona solicitaba poder formar parte activa de este espacio\u201d.<\/p>\n\n\n\n<p><strong>Vinculaci\u00f3n con el Parque Recreativo Municipal<\/strong><\/p>\n\n\n\n<p>Tras la firma, Torres y Biss destacaron que <strong>la cesi\u00f3n permitir\u00e1 anexar los terrenos del exzool\u00f3gico al Parque Recreativo Municipal<\/strong>, para garantizar de esta manera la puesta en marcha de dos grandes proyectos que llevan adelante la Provincia y el municipio local: la <strong>construcci\u00f3n, en primera instancia, de un parque acu\u00e1tico, y el desarrollo, posteriormente, de un parque tem\u00e1tico.<\/strong><\/p>\n\n\n\n<p>En tal sentido, desde el municipio capitalino destacaron la cercan\u00eda del predio con el r\u00edo Chubut, la cual permitir\u00e1 garantizar la realizaci\u00f3n de actividades n\u00e1uticas, y pusieron en valor tambi\u00e9n la presencia de fogones y de instalaciones recreativas destinadas a los chicos y chicas de las familias de Rawson y zonas aleda\u00f1as.<\/p>\n\n\n\n<p><strong>Fuente: www.diariojornada.com.ar<\/strong><\/p>\n\n\n\n<p><\/p>\n","protected":false},"excerpt":{"rendered":"<p>El gobernador del Chubut,\u00a0Ignacio \u201cNacho\u201d Torres, y el intendente de Rawson,\u00a0Dami\u00e1n Biss, firmaron el traspaso del predio donde se encuentra el exzool\u00f3gico que estuvo bajo la \u00f3rbita provincial y municipal, para avanzar as\u00ed con el desarrollo de proyectos recreativos que beneficiar\u00e1n a los vecinos y vecinas de la regi\u00f3n, fortaleciendo asimismo el potencial tur\u00edstico de [&hellip;]<\/p>\n","protected":false},"author":5,"featured_media":3772,"comment_status":"open","ping_status":"open","sticky":false,"template":"","format":"standard","meta":[],"categories":[14],"tags":[],"_links":{"self":[{"href":"https:\/\/politicapatagonica.com\/index.php\/wp-json\/wp\/v2\/posts\/3771"}],"collection":[{"href":"https:\/\/politicapatagonica.com\/index.php\/wp-json\/wp\/v2\/posts"}],"about":[{"href":"https:\/\/politicapatagonica.com\/index.php\/wp-json\/wp\/v2\/types\/post"}],"author":[{"embeddable":true,"href":"https:\/\/politicapatagonica.com\/index.php\/wp-json\/wp\/v2\/users\/5"}],"replies":[{"embeddable":true,"href":"https:\/\/politicapatagonica.com\/index.php\/wp-json\/wp\/v2\/comments?post=3771"}],"version-history":[{"count":2,"href":"https:\/\/politicapatagonica.com\/index.php\/wp-json\/wp\/v2\/posts\/3771\/revisions"}],"predecessor-version":[{"id":3785,"href":"https:\/\/politicapatagonica.com\/index.php\/wp-json\/wp\/v2\/posts\/3771\/revisions\/3785"}],"wp:featuredmedia":[{"embeddable":true,"href":"https:\/\/politicapatagonica.com\/index.php\/wp-json\/wp\/v2\/media\/3772"}],"wp:attachment":[{"href":"https:\/\/politicapatagonica.com\/index.php\/wp-json\/wp\/v2\/media?parent=3771"}],"wp:term":[{"taxonomy":"category","embeddable":true,"href":"https:\/\/politicapatagonica.com\/index.php\/wp-json\/wp\/v2\/categories?post=3771"},{"taxonomy":"post_tag","embeddable":true,"href":"https:\/\/politicapatagonica.com\/index.php\/wp-json\/wp\/v2\/tags?post=3771"}],"curies":[{"name":"wp","href":"https:\/\/api.w.org\/{rel}","templated":true}]}}