{"id":3770,"date":"2024-04-10T21:21:12","date_gmt":"2024-04-10T21:21:12","guid":{"rendered":"https:\/\/politicapatagonica.com\/?p=3770"},"modified":"2024-04-11T21:16:42","modified_gmt":"2024-04-11T21:16:42","slug":"balearon-la-casa-y-el-vehiculo-del-intendente-de-caleta-olivia-pablo-carrizo-un-detenido","status":"publish","type":"post","link":"https:\/\/politicapatagonica.com\/index.php\/2024\/04\/10\/balearon-la-casa-y-el-vehiculo-del-intendente-de-caleta-olivia-pablo-carrizo-un-detenido\/","title":{"rendered":"Balearon la casa y el veh\u00edculo del intendente de Caleta Olivia en Santa Cruz"},"content":{"rendered":"\n<p>Anoche fue baleada la casa en calle Nicol\u00e1s Mascardi al 1000 de Caleta Olivia, en la provincia de Santa Cruz, y el veh\u00edculo Volkswagen Amarok del intendente <strong>Pablo Carrizo.<\/strong>\u00a0<\/p>\n\n\n\n<p><strong>El atentado fue producido con un arma 9 mil\u00edmetros y se encuentra bajo la investigaci\u00f3n de la DDI local.<\/strong><\/p>\n\n\n\n<p><strong>Los disparos alertaron al barrio y los vecinos salieron a corroborar lo que hab\u00eda sucedido<\/strong>, tras lo cual tom\u00f3 participaci\u00f3n la polic\u00eda provincial y los efectivos tienen detenido a un sujeto mayor de edad que <strong>se sospecha habr\u00eda realizado los disparos desde una moto<\/strong>, de acuerdo a los primeros indicios.<strong> <\/strong>Sin embargo, hasta el momento no han trascendido identificaciones ni detalles de c\u00f3mo sucedi\u00f3 el atentado.<\/p>\n\n\n\n<p><strong>\u00bfDebemos esperar un muerto?<\/strong><\/p>\n\n\n\n<p>Se sospecha que el hecho tiene\u00a0<strong>una fuerte vinculaci\u00f3n pol\u00edtica o sindical<\/strong>.<strong> Ya se hab\u00edan dado cuatro atentados anteriores realizados contra instalaciones del Sindicato de Petroleros Privados de la ciudad del norte provincial y en todos los casos no han trascendido resultados de las investigaciones<\/strong>.<\/p>\n\n\n\n<p>Ahora balearon la propiedad del intendente Carrizo\u00a0<strong>y tampoco se conocen demasiados detalles<\/strong>. Ni el jefe comunal ni autoridad policial y\/o judicial han salido a explicar claramente la trastienda de este grave hecho.<\/p>\n\n\n\n<figure class=\"wp-block-image\"><a href=\"https:\/\/www.opisantacruz.com.ar\/wp-content\/uploads\/2024\/04\/Balas-camioneta-Carrizo.webp\"><img decoding=\"async\" src=\"https:\/\/www.opisantacruz.com.ar\/wp-content\/uploads\/2024\/04\/Balas-camioneta-Carrizo-1024x735.webp\" alt=\"Balearon la casa y el veh\u00edculo del Intendente de Caleta Olivia Pablo Carrizo\" class=\"wp-image-167143\"\/><\/a><figcaption class=\"wp-element-caption\">Balearon la casa y el veh\u00edculo del Intendente de Caleta Olivia Pablo Carrizo<\/figcaption><\/figure>\n\n\n\n<p>El gobierno provincial emiti\u00f3 un comunicado de oportunidad, pero en el mundo del periodismo provincial se sabe\u00a0<strong>que hay una fuerte vinculaci\u00f3n de todos estos atentados con situaciones inherentes a la pol\u00edtica y al sector petrolero.<\/strong><\/p>\n\n\n\n<p>Nos preguntamos si, como en tantas otras oportunidades, debemos esperar que maten a alguien para que alg\u00fan funcionario cuya obligaci\u00f3n es comunicar de verdad, salga a decir lo que realmente ocurre en zona norte. <\/p>\n\n\n\n<p><strong>Fuente: www.opisantacruz.com.ar<\/strong><\/p>\n","protected":false},"excerpt":{"rendered":"<p>Anoche fue baleada la casa en calle Nicol\u00e1s Mascardi al 1000 de Caleta Olivia, en la provincia de Santa Cruz, y el veh\u00edculo Volkswagen Amarok del intendente Pablo Carrizo.\u00a0 El atentado fue producido con un arma 9 mil\u00edmetros y se encuentra bajo la investigaci\u00f3n de la DDI local. Los disparos alertaron al barrio y los [&hellip;]<\/p>\n","protected":false},"author":5,"featured_media":3774,"comment_status":"open","ping_status":"open","sticky":false,"template":"","format":"standard","meta":[],"categories":[8],"tags":[],"_links":{"self":[{"href":"https:\/\/politicapatagonica.com\/index.php\/wp-json\/wp\/v2\/posts\/3770"}],"collection":[{"href":"https:\/\/politicapatagonica.com\/index.php\/wp-json\/wp\/v2\/posts"}],"about":[{"href":"https:\/\/politicapatagonica.com\/index.php\/wp-json\/wp\/v2\/types\/post"}],"author":[{"embeddable":true,"href":"https:\/\/politicapatagonica.com\/index.php\/wp-json\/wp\/v2\/users\/5"}],"replies":[{"embeddable":true,"href":"https:\/\/politicapatagonica.com\/index.php\/wp-json\/wp\/v2\/comments?post=3770"}],"version-history":[{"count":2,"href":"https:\/\/politicapatagonica.com\/index.php\/wp-json\/wp\/v2\/posts\/3770\/revisions"}],"predecessor-version":[{"id":3787,"href":"https:\/\/politicapatagonica.com\/index.php\/wp-json\/wp\/v2\/posts\/3770\/revisions\/3787"}],"wp:featuredmedia":[{"embeddable":true,"href":"https:\/\/politicapatagonica.com\/index.php\/wp-json\/wp\/v2\/media\/3774"}],"wp:attachment":[{"href":"https:\/\/politicapatagonica.com\/index.php\/wp-json\/wp\/v2\/media?parent=3770"}],"wp:term":[{"taxonomy":"category","embeddable":true,"href":"https:\/\/politicapatagonica.com\/index.php\/wp-json\/wp\/v2\/categories?post=3770"},{"taxonomy":"post_tag","embeddable":true,"href":"https:\/\/politicapatagonica.com\/index.php\/wp-json\/wp\/v2\/tags?post=3770"}],"curies":[{"name":"wp","href":"https:\/\/api.w.org\/{rel}","templated":true}]}}